{"id":2956,"date":"2021-02-05T09:50:02","date_gmt":"2021-02-05T09:50:02","guid":{"rendered":"https:\/\/nkef.eus\/?p=2956"},"modified":"2021-02-05T10:11:41","modified_gmt":"2021-02-05T10:11:41","slug":"valdemorosede-del-campeonato-de-espana-iberdrola-de-patinaje-artistico-2020-21","status":"publish","type":"post","link":"https:\/\/nkef.eus\/es_es\/index.php\/2021\/02\/05\/valdemorosede-del-campeonato-de-espana-iberdrola-de-patinaje-artistico-2020-21\/","title":{"rendered":"VALDEMORO,SEDE DEL CAMPEONATO DE ESPA\u00d1A IBERDROLA DE PATINAJE ART\u00cdSTICO 2020-21"},"content":{"rendered":"\t\t<div data-elementor-type=\"wp-post\" data-elementor-id=\"2956\" class=\"elementor elementor-2956\">\n\t\t\t\t\t\t<div class=\"elementor-inner\">\n\t\t\t\t<div class=\"elementor-section-wrap\">\n\t\t\t\t\t\t\t\t\t<section class=\"elementor-section elementor-top-section elementor-element elementor-element-4d0d0060 elementor-section-content-middle elementor-section-boxed elementor-section-height-default elementor-section-height-default\" data-id=\"4d0d0060\" data-element_type=\"section\">\n\t\t\t\t\t\t<div class=\"elementor-container elementor-column-gap-no\">\n\t\t\t\t\t\t\t<div class=\"elementor-row\">\n\t\t\t\t\t<div class=\"elementor-column elementor-col-100 elementor-top-column elementor-element elementor-element-6cce1261\" data-id=\"6cce1261\" data-element_type=\"column\">\n\t\t\t<div class=\"elementor-column-wrap elementor-element-populated\">\n\t\t\t\t\t\t\t<div class=\"elementor-widget-wrap\">\n\t\t\t\t\t\t<div class=\"elementor-element elementor-element-2b4ddac0 elementor-widget elementor-widget-heading\" data-id=\"2b4ddac0\" data-element_type=\"widget\" data-widget_type=\"heading.default\">\n\t\t\t\t<div class=\"elementor-widget-container\">\n\t\t\t<h4 class=\"elementor-heading-title elementor-size-default\">VALDEMORO,SEDE DEL CAMPEONATO DE ESPA\u00d1A IBERDROLA DE PATINAJE ART\u00cdSTICO 2020-21<\/h4>\t\t<\/div>\n\t\t\t\t<\/div>\n\t\t\t\t<div class=\"elementor-element elementor-element-cf059b6 elementor-widget elementor-widget-image\" data-id=\"cf059b6\" data-element_type=\"widget\" data-widget_type=\"image.default\">\n\t\t\t\t<div class=\"elementor-widget-container\">\n\t\t\t\t\t\t\t\t<div class=\"elementor-image\">\n\t\t\t\t\t\t\t\t\t<figure class=\"wp-caption\">\n\t\t\t\t\t\t\t\t\t\t<img width=\"580\" height=\"311\" src=\"https:\/\/nkef.eus\/wp-content\/uploads\/2021\/02\/foto.jpg\" class=\"attachment-large size-large\" alt=\"\" loading=\"lazy\" srcset=\"https:\/\/nkef.eus\/wp-content\/uploads\/2021\/02\/foto.jpg 900w, https:\/\/nkef.eus\/wp-content\/uploads\/2021\/02\/foto-300x161.jpg 300w, https:\/\/nkef.eus\/wp-content\/uploads\/2021\/02\/foto-768x411.jpg 768w, https:\/\/nkef.eus\/wp-content\/uploads\/2021\/02\/foto-16x9.jpg 16w\" sizes=\"(max-width: 580px) 100vw, 580px\" \/>\t\t\t\t\t\t\t\t\t\t\t<figcaption class=\"widget-image-caption wp-caption-text\">La nueva edici\u00f3n del certamen nacional se celebrar\u00e1 del 19 al 21 de marzo en la Pista de Hielo Francisco Fdez Ochoa de Valdemoro (Madrid).<\/figcaption>\n\t\t\t\t\t\t\t\t\t\t<\/figure>\n\t\t\t\t\t\t\t\t<\/div>\n\t\t\t\t\t\t<\/div>\n\t\t\t\t<\/div>\n\t\t\t\t<div class=\"elementor-element elementor-element-43cc21a elementor-widget-divider--view-line elementor-widget elementor-widget-divider\" data-id=\"43cc21a\" data-element_type=\"widget\" data-widget_type=\"divider.default\">\n\t\t\t\t<div class=\"elementor-widget-container\">\n\t\t\t\t\t<div class=\"elementor-divider\">\n\t\t\t<span class=\"elementor-divider-separator\">\n\t\t\t\t\t\t<\/span>\n\t\t<\/div>\n\t\t\t\t<\/div>\n\t\t\t\t<\/div>\n\t\t\t\t<div class=\"elementor-element elementor-element-44311bc6 elementor-widget elementor-widget-text-editor\" data-id=\"44311bc6\" data-element_type=\"widget\" data-widget_type=\"text-editor.default\">\n\t\t\t\t<div class=\"elementor-widget-container\">\n\t\t\t\t\t\t\t\t<div class=\"elementor-text-editor elementor-clearfix\">\n\t\t\t\t<p style=\"text-align: center;\">El Campeonato de Espa\u00f1a Iberdrola de Patinaje Art\u00edstico ya tiene sede y fecha para su edici\u00f3n 2020-21: ser\u00e1 en la Pista Francisco Fdez Ochoa de Valdemoro (Madrid), entre el 19-21 de marzo. Cerca de 135 patinadoras y patinadores se citar\u00e1n en el hielo para mostrar todo su talento en sus disciplinas y alzarse con la m\u00e1xima distinci\u00f3n a nivel nacional.<\/p><p style=\"text-align: center;\">Los grandes ausentes de esta edici\u00f3n ser\u00e1n los patinadores de danza: Olivia Smart &amp; Adri\u00e1n D\u00edaz, vigentes campeones, y Sara Hurtado &amp; Kirill Jalyavin, ante las dificultades para movilizar a ambas parejas, entrenando actualmente en Canad\u00e1 y Rusia, respectivamente. En su lugar, la RFEDH, en una decisi\u00f3n aprobada por la Junta Directa, ha optado por organizar un <em>try-out<\/em> en el que desarrollen sus programas y que jueces valorar\u00e1n debidamente. La pareja con la mejor puntuaci\u00f3n ser\u00e1 la que estar\u00e1 en Estocolmo entre el 22-28 de marzo para el Campeonato del Mundo de Patinaje Art\u00edstico.\u00a0<\/p><p style=\"text-align: center;\">En la categor\u00eda de parejas, Laura Barquero &amp; Marco Zandron debutar\u00e1n en su primera competici\u00f3n oficial juntos, en la que ser\u00e1 una oportunidad para presentarse ante el p\u00fablico y mostrar el resultado de su entrenamiento. Los que llegan en plena forma son Dorota Broda &amp; Pedro Beteg\u00f3n, que subieron al podio en el estreno del Gran Premio de Italia el pasado mes de octubre y llegan con ganas de sumar la que ser\u00eda su primera victoria a nivel nacional como seniors.<\/p><p style=\"text-align: center;\">En danza junior no estar\u00e1 Sof\u00eda Val, vigente campeona de la categor\u00eda y actualmente en la b\u00fasqueda de nueva pareja. Del a\u00f1o pasado compiten las parejas Martina Rossi &amp; Adriano Rossi y Mar\u00eda Pinto &amp; Ra\u00fal Bermejo, junto a la formada en mayo de 2020 por \u00c8rika Riera &amp; Raman Balanovich.\u00a0<\/p><p style=\"text-align: center;\">Otras figuras de las que se podr\u00e1 disfrutar en Valdemoro son Valentina Matos, Aleix Gabara, Pablo Garc\u00eda, Mari\u00e1n Millares, Arnau Joly o Iker Oyarzabal, estos dos \u00faltimos con rodaje en competiciones internacionales como la Winter Star (Minsk) o la Santa Claus Cup (Budapest) durante la parte final de 2020.\u00a0<\/p><p style=\"text-align: center;\">En cuanto al Patinaje Sincronizado, como medida excepcional se celebrar\u00e1 en formato exhibici\u00f3n y \u00fanicamente realizar\u00e1n el programa largo. \u00a0<\/p><p style=\"text-align: center;\">La RFEDH quiere agradecer el esfuerzo y colaboraci\u00f3n tanto de la Federaci\u00f3n Madrile\u00f1a de Deportes de Invierno (FMDI) como de la Pista de Valdemoro, que han hecho posible la celebraci\u00f3n del campeonato. Todas las partes implicadas est\u00e1n trabajando en un protocolo sanitario que garantizar\u00e1 unas condiciones \u00f3ptimas para todos los deportistas y jueces. La presencia de espectadores quedar\u00e1 supeditada a la evoluci\u00f3n de la situaci\u00f3n del COVID-19 en el momento del campeonato.<\/p><p style=\"text-align: center;\">Los periodistas que quieran ser acreditados para cubrir el Cto. de Espa\u00f1a Iberdrola de Patinaje Art\u00edstico deber\u00e1n enviar un mail con nombre completo, medio y DNI a <a href=\"mailto:comunicacion@fedhielo.com\">comunicacion@fedhielo.com<\/a>. La adjudicaci\u00f3n final de acreditaciones depender\u00e1 del protocolo de seguridad.<\/p><p style=\"text-align: center;\">Las novedades del evento, as\u00ed como los horarios o la retransmisi\u00f3n por <em>streaming<\/em>, se ir\u00e1n publicando durante las pr\u00f3ximas semanas en los canales de la RFEDH bajo el hashtag #patinajeESPiberdrola.\u00a0\u00a0<\/p>\t\t\t\t\t<\/div>\n\t\t\t\t\t\t<\/div>\n\t\t\t\t<\/div>\n\t\t\t\t<div class=\"elementor-element elementor-element-7fe64a0 elementor-widget-divider--view-line elementor-widget elementor-widget-divider\" data-id=\"7fe64a0\" data-element_type=\"widget\" data-widget_type=\"divider.default\">\n\t\t\t\t<div class=\"elementor-widget-container\">\n\t\t\t\t\t<div class=\"elementor-divider\">\n\t\t\t<span class=\"elementor-divider-separator\">\n\t\t\t\t\t\t<\/span>\n\t\t<\/div>\n\t\t\t\t<\/div>\n\t\t\t\t<\/div>\n\t\t\t\t<section class=\"elementor-section elementor-inner-section elementor-element elementor-element-54f4b43 elementor-section-boxed elementor-section-height-default elementor-section-height-default\" data-id=\"54f4b43\" data-element_type=\"section\">\n\t\t\t\t\t\t<div class=\"elementor-container elementor-column-gap-default\">\n\t\t\t\t\t\t\t<div class=\"elementor-row\">\n\t\t\t\t\t<div class=\"elementor-column elementor-col-50 elementor-inner-column elementor-element elementor-element-8300d03\" data-id=\"8300d03\" data-element_type=\"column\">\n\t\t\t<div class=\"elementor-column-wrap elementor-element-populated\">\n\t\t\t\t\t\t\t<div class=\"elementor-widget-wrap\">\n\t\t\t\t\t\t<div class=\"elementor-element elementor-element-ff17211 elementor-align-center elementor-widget elementor-widget-button\" data-id=\"ff17211\" data-element_type=\"widget\" data-widget_type=\"button.default\">\n\t\t\t\t<div class=\"elementor-widget-container\">\n\t\t\t\t\t<div class=\"elementor-button-wrapper\">\n\t\t\t<a href=\"https:\/\/nkef.eus\/wp-content\/uploads\/2021\/02\/CONVOCATORIA-CAMPEONATO-DE-ESPAN\u0303A-ABSOLUTO-2020.pdf\" class=\"elementor-button-link elementor-button elementor-size-sm\" role=\"button\">\n\t\t\t\t\t\t<span class=\"elementor-button-content-wrapper\">\n\t\t\t\t\t\t<span class=\"elementor-button-text\">Convocatoria<\/span>\n\t\t<\/span>\n\t\t\t\t\t<\/a>\n\t\t<\/div>\n\t\t\t\t<\/div>\n\t\t\t\t<\/div>\n\t\t\t\t\t\t<\/div>\n\t\t\t\t\t<\/div>\n\t\t<\/div>\n\t\t\t\t<div class=\"elementor-column elementor-col-50 elementor-inner-column elementor-element elementor-element-f2b3804\" data-id=\"f2b3804\" data-element_type=\"column\">\n\t\t\t<div class=\"elementor-column-wrap elementor-element-populated\">\n\t\t\t\t\t\t\t<div class=\"elementor-widget-wrap\">\n\t\t\t\t\t\t<div class=\"elementor-element elementor-element-8201ab1 elementor-align-center elementor-widget elementor-widget-button\" data-id=\"8201ab1\" data-element_type=\"widget\" data-widget_type=\"button.default\">\n\t\t\t\t<div class=\"elementor-widget-container\">\n\t\t\t\t\t<div class=\"elementor-button-wrapper\">\n\t\t\t<a href=\"https:\/\/nkef.eus\/wp-content\/uploads\/2021\/02\/Planned-Program-Content-CAMPEONATO-DE-ESPANA-ABSOLUTO-2020.doc\" class=\"elementor-button-link elementor-button elementor-size-sm\" role=\"button\">\n\t\t\t\t\t\t<span class=\"elementor-button-content-wrapper\">\n\t\t\t\t\t\t<span class=\"elementor-button-text\">Programa<\/span>\n\t\t<\/span>\n\t\t\t\t\t<\/a>\n\t\t<\/div>\n\t\t\t\t<\/div>\n\t\t\t\t<\/div>\n\t\t\t\t\t\t<\/div>\n\t\t\t\t\t<\/div>\n\t\t<\/div>\n\t\t\t\t\t\t\t\t<\/div>\n\t\t\t\t\t<\/div>\n\t\t<\/section>\n\t\t\t\t<section class=\"elementor-section elementor-inner-section elementor-element elementor-element-3676ee9 elementor-section-boxed elementor-section-height-default elementor-section-height-default\" data-id=\"3676ee9\" data-element_type=\"section\">\n\t\t\t\t\t\t<div class=\"elementor-container elementor-column-gap-default\">\n\t\t\t\t\t\t\t<div class=\"elementor-row\">\n\t\t\t\t\t<div class=\"elementor-column elementor-col-50 elementor-inner-column elementor-element elementor-element-3ccfbb1\" data-id=\"3ccfbb1\" data-element_type=\"column\">\n\t\t\t<div class=\"elementor-column-wrap elementor-element-populated\">\n\t\t\t\t\t\t\t<div class=\"elementor-widget-wrap\">\n\t\t\t\t\t\t<div class=\"elementor-element elementor-element-37ca5c2 elementor-align-center elementor-widget elementor-widget-button\" data-id=\"37ca5c2\" data-element_type=\"widget\" data-widget_type=\"button.default\">\n\t\t\t\t<div class=\"elementor-widget-container\">\n\t\t\t\t\t<div class=\"elementor-button-wrapper\">\n\t\t\t<a href=\"https:\/\/nkef.eus\/wp-content\/uploads\/2021\/02\/1.-Formulario-de-localizacion-personal-FLP.docx\" class=\"elementor-button-link elementor-button elementor-size-sm\" role=\"button\">\n\t\t\t\t\t\t<span class=\"elementor-button-content-wrapper\">\n\t\t\t\t\t\t<span class=\"elementor-button-text\">Formulario de Localizaci\u00f3n personal<\/span>\n\t\t<\/span>\n\t\t\t\t\t<\/a>\n\t\t<\/div>\n\t\t\t\t<\/div>\n\t\t\t\t<\/div>\n\t\t\t\t\t\t<\/div>\n\t\t\t\t\t<\/div>\n\t\t<\/div>\n\t\t\t\t<div class=\"elementor-column elementor-col-50 elementor-inner-column elementor-element elementor-element-1c0cac2\" data-id=\"1c0cac2\" data-element_type=\"column\">\n\t\t\t<div class=\"elementor-column-wrap elementor-element-populated\">\n\t\t\t\t\t\t\t<div class=\"elementor-widget-wrap\">\n\t\t\t\t\t\t<div class=\"elementor-element elementor-element-661a329 elementor-align-center elementor-widget elementor-widget-button\" data-id=\"661a329\" data-element_type=\"widget\" data-widget_type=\"button.default\">\n\t\t\t\t<div class=\"elementor-widget-container\">\n\t\t\t\t\t<div class=\"elementor-button-wrapper\">\n\t\t\t<a href=\"https:\/\/nkef.eus\/wp-content\/uploads\/2021\/02\/2.-Declaracion-responsable-COVID.docx\" class=\"elementor-button-link elementor-button elementor-size-sm\" role=\"button\">\n\t\t\t\t\t\t<span class=\"elementor-button-content-wrapper\">\n\t\t\t\t\t\t<span class=\"elementor-button-text\">Declaraci\u00f3n Responsable<\/span>\n\t\t<\/span>\n\t\t\t\t\t<\/a>\n\t\t<\/div>\n\t\t\t\t<\/div>\n\t\t\t\t<\/div>\n\t\t\t\t\t\t<\/div>\n\t\t\t\t\t<\/div>\n\t\t<\/div>\n\t\t\t\t\t\t\t\t<\/div>\n\t\t\t\t\t<\/div>\n\t\t<\/section>\n\t\t\t\t<section class=\"elementor-section elementor-inner-section elementor-element elementor-element-dade5d1 elementor-section-boxed elementor-section-height-default elementor-section-height-default\" data-id=\"dade5d1\" data-element_type=\"section\">\n\t\t\t\t\t\t<div class=\"elementor-container elementor-column-gap-default\">\n\t\t\t\t\t\t\t<div class=\"elementor-row\">\n\t\t\t\t\t<div class=\"elementor-column elementor-col-50 elementor-inner-column elementor-element elementor-element-b255c01\" data-id=\"b255c01\" data-element_type=\"column\">\n\t\t\t<div class=\"elementor-column-wrap elementor-element-populated\">\n\t\t\t\t\t\t\t<div class=\"elementor-widget-wrap\">\n\t\t\t\t\t\t<div class=\"elementor-element elementor-element-29209e8 elementor-align-center elementor-widget elementor-widget-button\" data-id=\"29209e8\" data-element_type=\"widget\" data-widget_type=\"button.default\">\n\t\t\t\t<div class=\"elementor-widget-container\">\n\t\t\t\t\t<div class=\"elementor-button-wrapper\">\n\t\t\t<a href=\"https:\/\/nkef.eus\/wp-content\/uploads\/2021\/02\/3.Certificado-COVID-del-responsable-del-clubequipo.docx\" class=\"elementor-button-link elementor-button elementor-size-sm\" role=\"button\">\n\t\t\t\t\t\t<span class=\"elementor-button-content-wrapper\">\n\t\t\t\t\t\t<span class=\"elementor-button-text\">Certificado COVID <\/span>\n\t\t<\/span>\n\t\t\t\t\t<\/a>\n\t\t<\/div>\n\t\t\t\t<\/div>\n\t\t\t\t<\/div>\n\t\t\t\t\t\t<\/div>\n\t\t\t\t\t<\/div>\n\t\t<\/div>\n\t\t\t\t<div class=\"elementor-column elementor-col-50 elementor-inner-column elementor-element elementor-element-dcb9e36\" data-id=\"dcb9e36\" data-element_type=\"column\">\n\t\t\t<div class=\"elementor-column-wrap elementor-element-populated\">\n\t\t\t\t\t\t\t<div class=\"elementor-widget-wrap\">\n\t\t\t\t\t\t<div class=\"elementor-element elementor-element-f3cd1c0 elementor-align-center elementor-widget elementor-widget-button\" data-id=\"f3cd1c0\" data-element_type=\"widget\" data-widget_type=\"button.default\">\n\t\t\t\t<div class=\"elementor-widget-container\">\n\t\t\t\t\t<div class=\"elementor-button-wrapper\">\n\t\t\t<a href=\"https:\/\/nkef.eus\/wp-content\/uploads\/2021\/02\/20180705_Autorizacion-Mayor-Edad-2020-2021.docx\" class=\"elementor-button-link elementor-button elementor-size-sm\" role=\"button\">\n\t\t\t\t\t\t<span class=\"elementor-button-content-wrapper\">\n\t\t\t\t\t\t<span class=\"elementor-button-text\">Autorizaci\u00f3n Mayor de Edad<\/span>\n\t\t<\/span>\n\t\t\t\t\t<\/a>\n\t\t<\/div>\n\t\t\t\t<\/div>\n\t\t\t\t<\/div>\n\t\t\t\t\t\t<\/div>\n\t\t\t\t\t<\/div>\n\t\t<\/div>\n\t\t\t\t\t\t\t\t<\/div>\n\t\t\t\t\t<\/div>\n\t\t<\/section>\n\t\t\t\t<section class=\"elementor-section elementor-inner-section elementor-element elementor-element-133faf9 elementor-section-boxed elementor-section-height-default elementor-section-height-default\" data-id=\"133faf9\" data-element_type=\"section\">\n\t\t\t\t\t\t<div class=\"elementor-container elementor-column-gap-default\">\n\t\t\t\t\t\t\t<div class=\"elementor-row\">\n\t\t\t\t\t<div class=\"elementor-column elementor-col-50 elementor-inner-column elementor-element elementor-element-074bd5c\" data-id=\"074bd5c\" data-element_type=\"column\">\n\t\t\t<div class=\"elementor-column-wrap elementor-element-populated\">\n\t\t\t\t\t\t\t<div class=\"elementor-widget-wrap\">\n\t\t\t\t\t\t<div class=\"elementor-element elementor-element-8c0f945 elementor-align-center elementor-widget elementor-widget-button\" data-id=\"8c0f945\" data-element_type=\"widget\" data-widget_type=\"button.default\">\n\t\t\t\t<div class=\"elementor-widget-container\">\n\t\t\t\t\t<div class=\"elementor-button-wrapper\">\n\t\t\t<a href=\"https:\/\/nkef.eus\/wp-content\/uploads\/2021\/02\/20180705_Autorizacion-Menor-Edad-2020-2021.docx\" class=\"elementor-button-link elementor-button elementor-size-sm\" role=\"button\">\n\t\t\t\t\t\t<span class=\"elementor-button-content-wrapper\">\n\t\t\t\t\t\t<span class=\"elementor-button-text\">Autorizaci\u00f3n Menor de Edad<\/span>\n\t\t<\/span>\n\t\t\t\t\t<\/a>\n\t\t<\/div>\n\t\t\t\t<\/div>\n\t\t\t\t<\/div>\n\t\t\t\t\t\t<\/div>\n\t\t\t\t\t<\/div>\n\t\t<\/div>\n\t\t\t\t<div class=\"elementor-column elementor-col-50 elementor-inner-column elementor-element elementor-element-a730c56\" data-id=\"a730c56\" data-element_type=\"column\">\n\t\t\t<div class=\"elementor-column-wrap elementor-element-populated\">\n\t\t\t\t\t\t\t<div class=\"elementor-widget-wrap\">\n\t\t\t\t\t\t<div class=\"elementor-element elementor-element-8598775 elementor-align-center elementor-widget elementor-widget-button\" data-id=\"8598775\" data-element_type=\"widget\" data-widget_type=\"button.default\">\n\t\t\t\t<div class=\"elementor-widget-container\">\n\t\t\t\t\t<div class=\"elementor-button-wrapper\">\n\t\t\t<a href=\"https:\/\/nkef.eus\/wp-content\/uploads\/2021\/02\/Excel-para-habilitacion-inscripciones-en-Intranet.xlsx\" class=\"elementor-button-link elementor-button elementor-size-sm\" role=\"button\">\n\t\t\t\t\t\t<span class=\"elementor-button-content-wrapper\">\n\t\t\t\t\t\t<span class=\"elementor-button-text\">Habilitaci\u00f3n Inscripciones<\/span>\n\t\t<\/span>\n\t\t\t\t\t<\/a>\n\t\t<\/div>\n\t\t\t\t<\/div>\n\t\t\t\t<\/div>\n\t\t\t\t\t\t<\/div>\n\t\t\t\t\t<\/div>\n\t\t<\/div>\n\t\t\t\t\t\t\t\t<\/div>\n\t\t\t\t\t<\/div>\n\t\t<\/section>\n\t\t\t\t<section class=\"elementor-section elementor-inner-section elementor-element elementor-element-f0e675f elementor-section-boxed elementor-section-height-default elementor-section-height-default\" data-id=\"f0e675f\" data-element_type=\"section\">\n\t\t\t\t\t\t<div class=\"elementor-container elementor-column-gap-default\">\n\t\t\t\t\t\t\t<div class=\"elementor-row\">\n\t\t\t\t\t<div class=\"elementor-column elementor-col-50 elementor-inner-column elementor-element elementor-element-4c225c7\" data-id=\"4c225c7\" data-element_type=\"column\">\n\t\t\t<div class=\"elementor-column-wrap elementor-element-populated\">\n\t\t\t\t\t\t\t<div class=\"elementor-widget-wrap\">\n\t\t\t\t\t\t<div class=\"elementor-element elementor-element-dd1e7e3 elementor-align-center elementor-widget elementor-widget-button\" data-id=\"dd1e7e3\" data-element_type=\"widget\" data-widget_type=\"button.default\">\n\t\t\t\t<div class=\"elementor-widget-container\">\n\t\t\t\t\t<div class=\"elementor-button-wrapper\">\n\t\t\t<a href=\"https:\/\/nkef.eus\/wp-content\/uploads\/2021\/02\/Documento-Pago-Derechos-de-Participacion-PATINAJE.docx\" class=\"elementor-button-link elementor-button elementor-size-sm\" role=\"button\">\n\t\t\t\t\t\t<span class=\"elementor-button-content-wrapper\">\n\t\t\t\t\t\t<span class=\"elementor-button-text\">Pago Derechos de Participaci\u00f3n<\/span>\n\t\t<\/span>\n\t\t\t\t\t<\/a>\n\t\t<\/div>\n\t\t\t\t<\/div>\n\t\t\t\t<\/div>\n\t\t\t\t\t\t<\/div>\n\t\t\t\t\t<\/div>\n\t\t<\/div>\n\t\t\t\t<div class=\"elementor-column elementor-col-50 elementor-inner-column elementor-element elementor-element-8fbb766\" data-id=\"8fbb766\" data-element_type=\"column\">\n\t\t\t<div class=\"elementor-column-wrap\">\n\t\t\t\t\t\t\t<div class=\"elementor-widget-wrap\">\n\t\t\t\t\t\t\t\t<\/div>\n\t\t\t\t\t<\/div>\n\t\t<\/div>\n\t\t\t\t\t\t\t\t<\/div>\n\t\t\t\t\t<\/div>\n\t\t<\/section>\n\t\t\t\t\t\t<\/div>\n\t\t\t\t\t<\/div>\n\t\t<\/div>\n\t\t\t\t\t\t\t\t<\/div>\n\t\t\t\t\t<\/div>\n\t\t<\/section>\n\t\t\t\t\t\t\t\t\t<\/div>\n\t\t\t<\/div>\n\t\t\t\t\t<\/div>\n\t\t","protected":false},"excerpt":{"rendered":"<p>VALDEMORO,SEDE DEL CAMPEONATO DE ESPA\u00d1A IBERDROLA DE PATINAJE ART\u00cdSTICO 2020-21 La nueva edici\u00f3n del certamen nacional se celebrar\u00e1 del 19 al 21 de marzo en la Pista de Hielo Francisco Fdez Ochoa de Valdemoro (Madrid). El Campeonato de Espa\u00f1a Iberdrola de Patinaje Art\u00edstico ya tiene sede y fecha para su edici\u00f3n 2020-21: ser\u00e1 en la [&hellip;]<\/p>\n","protected":false},"author":3,"featured_media":2957,"comment_status":"closed","ping_status":"closed","sticky":false,"template":"elementor_header_footer","format":"standard","meta":[],"categories":[15,16],"tags":[],"_links":{"self":[{"href":"https:\/\/nkef.eus\/es_es\/index.php\/wp-json\/wp\/v2\/posts\/2956"}],"collection":[{"href":"https:\/\/nkef.eus\/es_es\/index.php\/wp-json\/wp\/v2\/posts"}],"about":[{"href":"https:\/\/nkef.eus\/es_es\/index.php\/wp-json\/wp\/v2\/types\/post"}],"author":[{"embeddable":true,"href":"https:\/\/nkef.eus\/es_es\/index.php\/wp-json\/wp\/v2\/users\/3"}],"replies":[{"embeddable":true,"href":"https:\/\/nkef.eus\/es_es\/index.php\/wp-json\/wp\/v2\/comments?post=2956"}],"version-history":[{"count":7,"href":"https:\/\/nkef.eus\/es_es\/index.php\/wp-json\/wp\/v2\/posts\/2956\/revisions"}],"predecessor-version":[{"id":2974,"href":"https:\/\/nkef.eus\/es_es\/index.php\/wp-json\/wp\/v2\/posts\/2956\/revisions\/2974"}],"wp:featuredmedia":[{"embeddable":true,"href":"https:\/\/nkef.eus\/es_es\/index.php\/wp-json\/wp\/v2\/media\/2957"}],"wp:attachment":[{"href":"https:\/\/nkef.eus\/es_es\/index.php\/wp-json\/wp\/v2\/media?parent=2956"}],"wp:term":[{"taxonomy":"category","embeddable":true,"href":"https:\/\/nkef.eus\/es_es\/index.php\/wp-json\/wp\/v2\/categories?post=2956"},{"taxonomy":"post_tag","embeddable":true,"href":"https:\/\/nkef.eus\/es_es\/index.php\/wp-json\/wp\/v2\/tags?post=2956"}],"curies":[{"name":"wp","href":"https:\/\/api.w.org\/{rel}","templated":true}]}}