{"id":2920,"date":"2021-01-30T17:47:07","date_gmt":"2021-01-30T17:47:07","guid":{"rendered":"https:\/\/nkef.eus\/?p=2920"},"modified":"2021-02-02T17:55:26","modified_gmt":"2021-02-02T17:55:26","slug":"vi-trofeo-cesva-diego-leyun-azcoiti-esqui-alpino-u14-16","status":"publish","type":"post","link":"https:\/\/nkef.eus\/es_es\/index.php\/2021\/01\/30\/vi-trofeo-cesva-diego-leyun-azcoiti-esqui-alpino-u14-16\/","title":{"rendered":"VI TROFEO CESVA DIEGO LEYUN AZCOITI ESQU\u00cd ALPINO U14\/16"},"content":{"rendered":"\t\t<div data-elementor-type=\"wp-post\" data-elementor-id=\"2920\" class=\"elementor elementor-2920\">\n\t\t\t\t\t\t<div class=\"elementor-inner\">\n\t\t\t\t<div class=\"elementor-section-wrap\">\n\t\t\t\t\t\t\t\t\t<section class=\"elementor-section elementor-top-section elementor-element elementor-element-60aeee82 elementor-section-content-middle elementor-section-boxed elementor-section-height-default elementor-section-height-default\" data-id=\"60aeee82\" data-element_type=\"section\">\n\t\t\t\t\t\t<div class=\"elementor-container elementor-column-gap-no\">\n\t\t\t\t\t\t\t<div class=\"elementor-row\">\n\t\t\t\t\t<div class=\"elementor-column elementor-col-100 elementor-top-column elementor-element elementor-element-447d7d8c\" data-id=\"447d7d8c\" data-element_type=\"column\">\n\t\t\t<div class=\"elementor-column-wrap elementor-element-populated\">\n\t\t\t\t\t\t\t<div class=\"elementor-widget-wrap\">\n\t\t\t\t\t\t<div class=\"elementor-element elementor-element-2302387f elementor-widget elementor-widget-heading\" data-id=\"2302387f\" data-element_type=\"widget\" data-widget_type=\"heading.default\">\n\t\t\t\t<div class=\"elementor-widget-container\">\n\t\t\t<h4 class=\"elementor-heading-title elementor-size-default\">VI TROFEO CESVA DIEGO LEYUN AZCOITI ESQU\u00cd ALPINO U14\/16<\/h4>\t\t<\/div>\n\t\t\t\t<\/div>\n\t\t\t\t<div class=\"elementor-element elementor-element-0e20121 elementor-widget elementor-widget-image\" data-id=\"0e20121\" data-element_type=\"widget\" data-widget_type=\"image.default\">\n\t\t\t\t<div class=\"elementor-widget-container\">\n\t\t\t\t\t\t\t\t<div class=\"elementor-image\">\n\t\t\t\t\t\t\t\t\t\t\t\t<img width=\"580\" height=\"819\" src=\"https:\/\/nkef.eus\/wp-content\/uploads\/2021\/02\/cesva-nuevo-725x1024.png\" class=\"attachment-large size-large\" alt=\"\" loading=\"lazy\" srcset=\"https:\/\/nkef.eus\/wp-content\/uploads\/2021\/02\/cesva-nuevo-725x1024.png 725w, https:\/\/nkef.eus\/wp-content\/uploads\/2021\/02\/cesva-nuevo-212x300.png 212w, https:\/\/nkef.eus\/wp-content\/uploads\/2021\/02\/cesva-nuevo-768x1085.png 768w, https:\/\/nkef.eus\/wp-content\/uploads\/2021\/02\/cesva-nuevo-1087x1536.png 1087w, https:\/\/nkef.eus\/wp-content\/uploads\/2021\/02\/cesva-nuevo-8x12.png 8w, https:\/\/nkef.eus\/wp-content\/uploads\/2021\/02\/cesva-nuevo-1200x1696.png 1200w, https:\/\/nkef.eus\/wp-content\/uploads\/2021\/02\/cesva-nuevo.png 1241w\" sizes=\"(max-width: 580px) 100vw, 580px\" \/>\t\t\t\t\t\t\t\t\t\t\t\t\t\t<\/div>\n\t\t\t\t\t\t<\/div>\n\t\t\t\t<\/div>\n\t\t\t\t<div class=\"elementor-element elementor-element-668f4dbd elementor-widget elementor-widget-text-editor\" data-id=\"668f4dbd\" data-element_type=\"widget\" data-widget_type=\"text-editor.default\">\n\t\t\t\t<div class=\"elementor-widget-container\">\n\t\t\t\t\t\t\t\t<div class=\"elementor-text-editor elementor-clearfix\">\n\t\t\t\t<p style=\"text-align: center;\"><span style=\"text-decoration: underline;\"><span style=\"color: #000000; text-decoration: underline;\">VI TROFEO CESVA DIEGO LEYUN AZCOITI<\/span><\/span><\/p><p style=\"text-align: center;\">6-7 de Febrero 2021 \u2013 Astun \u2013 U14\/U16 Hombres y Damas<br \/>El Club Deportivo Cesva conjuntamente con la Federaci\u00f3n Vizca\u00edna de deportes de invierno, Federaci\u00f3n Vasca de Deportes de Invierno y la Estaci\u00f3n Invernal de Ast\u00fan tienen el placer de convocar el VI TROFEO CESVA DIEGO LEYUN AZCOITI U14\/U16 a realizar en Astun los d\u00edas 6-7 de Febrero 2021<br \/>Estas competiciones se celebrar\u00e1n en las especialidades de Slalom el s\u00e1bado 6 y Slalom el domingo 7.<br \/>El Comit\u00e9 Organizador se regir\u00e1 por las normas de la Federaci\u00f3n Internacional de Esqu\u00ed (FIS) y de la Real Federaci\u00f3n Espa\u00f1ola Deportes de Invierno (RFEDI).<\/p><p style=\"text-align: center;\"><span style=\"text-decoration: underline;\"><span style=\"color: #000000; text-decoration: underline;\">VER INFORMACI\u00d3N COMPLETA<\/span><\/span><\/p>\t\t\t\t\t<\/div>\n\t\t\t\t\t\t<\/div>\n\t\t\t\t<\/div>\n\t\t\t\t<div class=\"elementor-element elementor-element-d521f9a elementor-widget-divider--view-line elementor-widget elementor-widget-divider\" data-id=\"d521f9a\" data-element_type=\"widget\" data-widget_type=\"divider.default\">\n\t\t\t\t<div class=\"elementor-widget-container\">\n\t\t\t\t\t<div class=\"elementor-divider\">\n\t\t\t<span class=\"elementor-divider-separator\">\n\t\t\t\t\t\t<\/span>\n\t\t<\/div>\n\t\t\t\t<\/div>\n\t\t\t\t<\/div>\n\t\t\t\t<div class=\"elementor-element elementor-element-7064376 elementor-align-center elementor-widget elementor-widget-button\" data-id=\"7064376\" data-element_type=\"widget\" data-widget_type=\"button.default\">\n\t\t\t\t<div class=\"elementor-widget-container\">\n\t\t\t\t\t<div class=\"elementor-button-wrapper\">\n\t\t\t<a href=\"https:\/\/nkef.eus\/wp-content\/uploads\/2021\/02\/VI-TROFEO-CESVA-diego-leyun-azcoiti-2021-.pdf\" class=\"elementor-button-link elementor-button elementor-size-sm\" role=\"button\">\n\t\t\t\t\t\t<span class=\"elementor-button-content-wrapper\">\n\t\t\t\t\t\t<span class=\"elementor-button-text\">Informaci\u00f3n<\/span>\n\t\t<\/span>\n\t\t\t\t\t<\/a>\n\t\t<\/div>\n\t\t\t\t<\/div>\n\t\t\t\t<\/div>\n\t\t\t\t<div class=\"elementor-element elementor-element-5f3604d elementor-align-center elementor-widget elementor-widget-button\" data-id=\"5f3604d\" data-element_type=\"widget\" data-widget_type=\"button.default\">\n\t\t\t\t<div class=\"elementor-widget-container\">\n\t\t\t\t\t<div class=\"elementor-button-wrapper\">\n\t\t\t<a href=\"https:\/\/nkef.eus\/wp-content\/uploads\/2021\/01\/inscripcion-Cesva-VI-TROFEO-CESVA-202021-2.xlsx\" class=\"elementor-button-link elementor-button elementor-size-sm\" role=\"button\">\n\t\t\t\t\t\t<span class=\"elementor-button-content-wrapper\">\n\t\t\t\t\t\t<span class=\"elementor-button-text\">Inscripci\u00f3n Trofeo Cesva<\/span>\n\t\t<\/span>\n\t\t\t\t\t<\/a>\n\t\t<\/div>\n\t\t\t\t<\/div>\n\t\t\t\t<\/div>\n\t\t\t\t<div class=\"elementor-element elementor-element-060e9f4 elementor-align-center elementor-widget elementor-widget-button\" data-id=\"060e9f4\" data-element_type=\"widget\" data-widget_type=\"button.default\">\n\t\t\t\t<div class=\"elementor-widget-container\">\n\t\t\t\t\t<div class=\"elementor-button-wrapper\">\n\t\t\t<a href=\"https:\/\/nkef.eus\/wp-content\/uploads\/2021\/01\/FORFAITS-PARA-LOS-DOS-DIAS-6-y-7-FEBRERO-VI-TROFEO-CESVA-DIEGO-LEYUN-AZCOITI-2.xlsx\" class=\"elementor-button-link elementor-button elementor-size-sm\" role=\"button\">\n\t\t\t\t\t\t<span class=\"elementor-button-content-wrapper\">\n\t\t\t\t\t\t<span class=\"elementor-button-text\">Forfaits<\/span>\n\t\t<\/span>\n\t\t\t\t\t<\/a>\n\t\t<\/div>\n\t\t\t\t<\/div>\n\t\t\t\t<\/div>\n\t\t\t\t\t\t<\/div>\n\t\t\t\t\t<\/div>\n\t\t<\/div>\n\t\t\t\t\t\t\t\t<\/div>\n\t\t\t\t\t<\/div>\n\t\t<\/section>\n\t\t\t\t\t\t\t\t\t<\/div>\n\t\t\t<\/div>\n\t\t\t\t\t<\/div>\n\t\t","protected":false},"excerpt":{"rendered":"<p>VI TROFEO CESVA DIEGO LEYUN AZCOITI ESQU\u00cd ALPINO U14\/16 VI TROFEO CESVA DIEGO LEYUN AZCOITI 6-7 de Febrero 2021 \u2013 Astun \u2013 U14\/U16 Hombres y DamasEl Club Deportivo Cesva conjuntamente con la Federaci\u00f3n Vizca\u00edna de deportes de invierno, Federaci\u00f3n Vasca de Deportes de Invierno y la Estaci\u00f3n Invernal de Ast\u00fan tienen el placer de convocar [&hellip;]<\/p>\n","protected":false},"author":3,"featured_media":2925,"comment_status":"closed","ping_status":"closed","sticky":false,"template":"elementor_header_footer","format":"standard","meta":[],"categories":[3,15],"tags":[],"_links":{"self":[{"href":"https:\/\/nkef.eus\/es_es\/index.php\/wp-json\/wp\/v2\/posts\/2920"}],"collection":[{"href":"https:\/\/nkef.eus\/es_es\/index.php\/wp-json\/wp\/v2\/posts"}],"about":[{"href":"https:\/\/nkef.eus\/es_es\/index.php\/wp-json\/wp\/v2\/types\/post"}],"author":[{"embeddable":true,"href":"https:\/\/nkef.eus\/es_es\/index.php\/wp-json\/wp\/v2\/users\/3"}],"replies":[{"embeddable":true,"href":"https:\/\/nkef.eus\/es_es\/index.php\/wp-json\/wp\/v2\/comments?post=2920"}],"version-history":[{"count":19,"href":"https:\/\/nkef.eus\/es_es\/index.php\/wp-json\/wp\/v2\/posts\/2920\/revisions"}],"predecessor-version":[{"id":2952,"href":"https:\/\/nkef.eus\/es_es\/index.php\/wp-json\/wp\/v2\/posts\/2920\/revisions\/2952"}],"wp:featuredmedia":[{"embeddable":true,"href":"https:\/\/nkef.eus\/es_es\/index.php\/wp-json\/wp\/v2\/media\/2925"}],"wp:attachment":[{"href":"https:\/\/nkef.eus\/es_es\/index.php\/wp-json\/wp\/v2\/media?parent=2920"}],"wp:term":[{"taxonomy":"category","embeddable":true,"href":"https:\/\/nkef.eus\/es_es\/index.php\/wp-json\/wp\/v2\/categories?post=2920"},{"taxonomy":"post_tag","embeddable":true,"href":"https:\/\/nkef.eus\/es_es\/index.php\/wp-json\/wp\/v2\/tags?post=2920"}],"curies":[{"name":"wp","href":"https:\/\/api.w.org\/{rel}","templated":true}]}}