{"id":2356,"date":"2020-12-02T11:31:38","date_gmt":"2020-12-02T11:31:38","guid":{"rendered":"https:\/\/nkef.eus\/?p=2356"},"modified":"2020-12-22T16:29:24","modified_gmt":"2020-12-22T16:29:24","slug":"nota-informativa-del-gobierno-vasco-aclarando-el-concepto-semi-profesional","status":"publish","type":"post","link":"https:\/\/nkef.eus\/es_es\/index.php\/2020\/12\/02\/nota-informativa-del-gobierno-vasco-aclarando-el-concepto-semi-profesional\/","title":{"rendered":"Nota Informativa Del Gobierno Vasco Aclarando El concepto Semi-Profesional."},"content":{"rendered":"\t\t<div data-elementor-type=\"wp-post\" data-elementor-id=\"2356\" class=\"elementor elementor-2356\">\n\t\t\t\t\t\t<div class=\"elementor-inner\">\n\t\t\t\t<div class=\"elementor-section-wrap\">\n\t\t\t\t\t\t\t\t\t<section class=\"elementor-section elementor-top-section elementor-element elementor-element-594f3d57 elementor-section-content-middle elementor-section-boxed elementor-section-height-default elementor-section-height-default\" data-id=\"594f3d57\" data-element_type=\"section\">\n\t\t\t\t\t\t<div class=\"elementor-container elementor-column-gap-no\">\n\t\t\t\t\t\t\t<div class=\"elementor-row\">\n\t\t\t\t\t<div class=\"elementor-column elementor-col-100 elementor-top-column elementor-element elementor-element-6a250772\" data-id=\"6a250772\" data-element_type=\"column\">\n\t\t\t<div class=\"elementor-column-wrap elementor-element-populated\">\n\t\t\t\t\t\t\t<div class=\"elementor-widget-wrap\">\n\t\t\t\t\t\t<div class=\"elementor-element elementor-element-1b540698 elementor-widget elementor-widget-heading\" data-id=\"1b540698\" data-element_type=\"widget\" data-widget_type=\"heading.default\">\n\t\t\t\t<div class=\"elementor-widget-container\">\n\t\t\t<h4 class=\"elementor-heading-title elementor-size-default\">Nota Informativa Del Gobierno Vasco Aclarando El concepto Semi-Profesional.<\/h4>\t\t<\/div>\n\t\t\t\t<\/div>\n\t\t\t\t<div class=\"elementor-element elementor-element-61f5e18 elementor-widget elementor-widget-image\" data-id=\"61f5e18\" data-element_type=\"widget\" data-widget_type=\"image.default\">\n\t\t\t\t<div class=\"elementor-widget-container\">\n\t\t\t\t\t\t\t\t<div class=\"elementor-image\">\n\t\t\t\t\t\t\t\t\t\t\t\t<img width=\"580\" height=\"580\" src=\"https:\/\/nkef.eus\/wp-content\/uploads\/2020\/12\/Departamento-de-Cultura-Y-Politica-Linguista-Direccion-de-Actividad-Fisica-y-Deporte-1024x1024.png\" class=\"attachment-large size-large\" alt=\"\" loading=\"lazy\" srcset=\"https:\/\/nkef.eus\/wp-content\/uploads\/2020\/12\/Departamento-de-Cultura-Y-Politica-Linguista-Direccion-de-Actividad-Fisica-y-Deporte-1024x1024.png 1024w, https:\/\/nkef.eus\/wp-content\/uploads\/2020\/12\/Departamento-de-Cultura-Y-Politica-Linguista-Direccion-de-Actividad-Fisica-y-Deporte-300x300.png 300w, https:\/\/nkef.eus\/wp-content\/uploads\/2020\/12\/Departamento-de-Cultura-Y-Politica-Linguista-Direccion-de-Actividad-Fisica-y-Deporte-150x150.png 150w, https:\/\/nkef.eus\/wp-content\/uploads\/2020\/12\/Departamento-de-Cultura-Y-Politica-Linguista-Direccion-de-Actividad-Fisica-y-Deporte-768x768.png 768w, https:\/\/nkef.eus\/wp-content\/uploads\/2020\/12\/Departamento-de-Cultura-Y-Politica-Linguista-Direccion-de-Actividad-Fisica-y-Deporte-12x12.png 12w, https:\/\/nkef.eus\/wp-content\/uploads\/2020\/12\/Departamento-de-Cultura-Y-Politica-Linguista-Direccion-de-Actividad-Fisica-y-Deporte.png 1080w\" sizes=\"(max-width: 580px) 100vw, 580px\" \/>\t\t\t\t\t\t\t\t\t\t\t\t\t\t<\/div>\n\t\t\t\t\t\t<\/div>\n\t\t\t\t<\/div>\n\t\t\t\t<div class=\"elementor-element elementor-element-d70b45e elementor-widget-divider--view-line elementor-widget elementor-widget-divider\" data-id=\"d70b45e\" data-element_type=\"widget\" data-widget_type=\"divider.default\">\n\t\t\t\t<div class=\"elementor-widget-container\">\n\t\t\t\t\t<div class=\"elementor-divider\">\n\t\t\t<span class=\"elementor-divider-separator\">\n\t\t\t\t\t\t<\/span>\n\t\t<\/div>\n\t\t\t\t<\/div>\n\t\t\t\t<\/div>\n\t\t\t\t<div class=\"elementor-element elementor-element-5e5baf6e elementor-widget elementor-widget-text-editor\" data-id=\"5e5baf6e\" data-element_type=\"widget\" data-widget_type=\"text-editor.default\">\n\t\t\t\t<div class=\"elementor-widget-container\">\n\t\t\t\t\t\t\t\t<div class=\"elementor-text-editor elementor-clearfix\">\n\t\t\t\t<p style=\"text-align: center;\"><span style=\"color: #000000;\">Documento elaborado por la Direcci\u00f3n de Actividad F\u00edsica y Deporte para aclaraci\u00f3n del concepto semiprofesional<\/span><\/p>\t\t\t\t\t<\/div>\n\t\t\t\t\t\t<\/div>\n\t\t\t\t<\/div>\n\t\t\t\t<section class=\"elementor-section elementor-inner-section elementor-element elementor-element-f9e4113 elementor-section-boxed elementor-section-height-default elementor-section-height-default\" data-id=\"f9e4113\" data-element_type=\"section\">\n\t\t\t\t\t\t<div class=\"elementor-container elementor-column-gap-default\">\n\t\t\t\t\t\t\t<div class=\"elementor-row\">\n\t\t\t\t\t<div class=\"elementor-column elementor-col-50 elementor-inner-column elementor-element elementor-element-f418e46\" data-id=\"f418e46\" data-element_type=\"column\">\n\t\t\t<div class=\"elementor-column-wrap elementor-element-populated\">\n\t\t\t\t\t\t\t<div class=\"elementor-widget-wrap\">\n\t\t\t\t\t\t<div class=\"elementor-element elementor-element-103d65a elementor-align-center elementor-widget elementor-widget-button\" data-id=\"103d65a\" data-element_type=\"widget\" data-widget_type=\"button.default\">\n\t\t\t\t<div class=\"elementor-widget-container\">\n\t\t\t\t\t<div class=\"elementor-button-wrapper\">\n\t\t\t<a href=\"https:\/\/nkef.eus\/wp-content\/uploads\/2020\/12\/NOTA-INFORMATIVA.-ACLARACION-CONCEPTO-SEMI-PROFESIONAL..pdf\" class=\"elementor-button-link elementor-button elementor-size-sm\" role=\"button\">\n\t\t\t\t\t\t<span class=\"elementor-button-content-wrapper\">\n\t\t\t\t\t\t<span class=\"elementor-button-text\">Ver Documento En Euskera<\/span>\n\t\t<\/span>\n\t\t\t\t\t<\/a>\n\t\t<\/div>\n\t\t\t\t<\/div>\n\t\t\t\t<\/div>\n\t\t\t\t\t\t<\/div>\n\t\t\t\t\t<\/div>\n\t\t<\/div>\n\t\t\t\t<div class=\"elementor-column elementor-col-50 elementor-inner-column elementor-element elementor-element-365c207\" data-id=\"365c207\" data-element_type=\"column\">\n\t\t\t<div class=\"elementor-column-wrap elementor-element-populated\">\n\t\t\t\t\t\t\t<div class=\"elementor-widget-wrap\">\n\t\t\t\t\t\t<div class=\"elementor-element elementor-element-51a610e elementor-align-center elementor-widget elementor-widget-button\" data-id=\"51a610e\" data-element_type=\"widget\" data-widget_type=\"button.default\">\n\t\t\t\t<div class=\"elementor-widget-container\">\n\t\t\t\t\t<div class=\"elementor-button-wrapper\">\n\t\t\t<a href=\"https:\/\/nkef.eus\/wp-content\/uploads\/2020\/12\/CASTELLANO-NOTA-INFORMATIVA-ACLARACION-CONCEPTO-SEMIPROFESIONAL-1.12.20.pdf\" class=\"elementor-button-link elementor-button elementor-size-sm\" role=\"button\">\n\t\t\t\t\t\t<span class=\"elementor-button-content-wrapper\">\n\t\t\t\t\t\t<span class=\"elementor-button-text\">Ver Documento En Castellano<\/span>\n\t\t<\/span>\n\t\t\t\t\t<\/a>\n\t\t<\/div>\n\t\t\t\t<\/div>\n\t\t\t\t<\/div>\n\t\t\t\t\t\t<\/div>\n\t\t\t\t\t<\/div>\n\t\t<\/div>\n\t\t\t\t\t\t\t\t<\/div>\n\t\t\t\t\t<\/div>\n\t\t<\/section>\n\t\t\t\t<div class=\"elementor-element elementor-element-549075d elementor-widget-divider--view-line elementor-widget elementor-widget-divider\" data-id=\"549075d\" data-element_type=\"widget\" data-widget_type=\"divider.default\">\n\t\t\t\t<div class=\"elementor-widget-container\">\n\t\t\t\t\t<div class=\"elementor-divider\">\n\t\t\t<span class=\"elementor-divider-separator\">\n\t\t\t\t\t\t<\/span>\n\t\t<\/div>\n\t\t\t\t<\/div>\n\t\t\t\t<\/div>\n\t\t\t\t<div class=\"elementor-element elementor-element-7ab53c8 elementor-widget elementor-widget-text-editor\" data-id=\"7ab53c8\" data-element_type=\"widget\" data-widget_type=\"text-editor.default\">\n\t\t\t\t<div class=\"elementor-widget-container\">\n\t\t\t\t\t\t\t\t<div class=\"elementor-text-editor elementor-clearfix\">\n\t\t\t\t<p style=\"text-align: center;\"><span style=\"color: #000000;\">DECRETO 44\/2020, de 10 de diciembre, del Lehendakari, de refundici\u00f3n en un \u00fanico texto y actualizaci\u00f3n de medidas espec\u00edficas de prevenci\u00f3n, en el \u00e1mbito de la declaraci\u00f3n del estado de alarma, como consecuencia de la evoluci\u00f3n de la situaci\u00f3n epidemiol\u00f3gica y para contener la propagaci\u00f3n de infecciones causadas por el SARS-CoV-2.<\/span><\/p>\t\t\t\t\t<\/div>\n\t\t\t\t\t\t<\/div>\n\t\t\t\t<\/div>\n\t\t\t\t<section class=\"elementor-section elementor-inner-section elementor-element elementor-element-686dea7 elementor-section-boxed elementor-section-height-default elementor-section-height-default\" data-id=\"686dea7\" data-element_type=\"section\">\n\t\t\t\t\t\t<div class=\"elementor-container elementor-column-gap-default\">\n\t\t\t\t\t\t\t<div class=\"elementor-row\">\n\t\t\t\t\t<div class=\"elementor-column elementor-col-50 elementor-inner-column elementor-element elementor-element-f84a6e3\" data-id=\"f84a6e3\" data-element_type=\"column\">\n\t\t\t<div class=\"elementor-column-wrap elementor-element-populated\">\n\t\t\t\t\t\t\t<div class=\"elementor-widget-wrap\">\n\t\t\t\t\t\t<div class=\"elementor-element elementor-element-6e1e0b2 elementor-align-center elementor-widget elementor-widget-button\" data-id=\"6e1e0b2\" data-element_type=\"widget\" data-widget_type=\"button.default\">\n\t\t\t\t<div class=\"elementor-widget-container\">\n\t\t\t\t\t<div class=\"elementor-button-wrapper\">\n\t\t\t<a href=\"https:\/\/nkef.eus\/wp-content\/uploads\/2020\/12\/44-2020-DEKRETUA-abenduaren-10ekoa-lehendakariarena.pdf\" class=\"elementor-button-link elementor-button elementor-size-sm\" role=\"button\">\n\t\t\t\t\t\t<span class=\"elementor-button-content-wrapper\">\n\t\t\t\t\t\t<span class=\"elementor-button-text\">Decreto en Euskera<\/span>\n\t\t<\/span>\n\t\t\t\t\t<\/a>\n\t\t<\/div>\n\t\t\t\t<\/div>\n\t\t\t\t<\/div>\n\t\t\t\t\t\t<\/div>\n\t\t\t\t\t<\/div>\n\t\t<\/div>\n\t\t\t\t<div class=\"elementor-column elementor-col-50 elementor-inner-column elementor-element elementor-element-05bcaf2\" data-id=\"05bcaf2\" data-element_type=\"column\">\n\t\t\t<div class=\"elementor-column-wrap elementor-element-populated\">\n\t\t\t\t\t\t\t<div class=\"elementor-widget-wrap\">\n\t\t\t\t\t\t<div class=\"elementor-element elementor-element-951087c elementor-align-center elementor-widget elementor-widget-button\" data-id=\"951087c\" data-element_type=\"widget\" data-widget_type=\"button.default\">\n\t\t\t\t<div class=\"elementor-widget-container\">\n\t\t\t\t\t<div class=\"elementor-button-wrapper\">\n\t\t\t<a href=\"https:\/\/nkef.eus\/wp-content\/uploads\/2020\/12\/Decreto-44-2020-10-diciembre-refundicio\u0301n-u\u0301nico-texto-y-actualizacio\u0301n-medidas-prevencio\u0301n-estado-alarma-COVID-19-1.pdf\" class=\"elementor-button-link elementor-button elementor-size-sm\" role=\"button\">\n\t\t\t\t\t\t<span class=\"elementor-button-content-wrapper\">\n\t\t\t\t\t\t<span class=\"elementor-button-text\">Decreto en Castellano<\/span>\n\t\t<\/span>\n\t\t\t\t\t<\/a>\n\t\t<\/div>\n\t\t\t\t<\/div>\n\t\t\t\t<\/div>\n\t\t\t\t\t\t<\/div>\n\t\t\t\t\t<\/div>\n\t\t<\/div>\n\t\t\t\t\t\t\t\t<\/div>\n\t\t\t\t\t<\/div>\n\t\t<\/section>\n\t\t\t\t<div class=\"elementor-element elementor-element-ffb8df2 elementor-widget-divider--view-line elementor-widget elementor-widget-divider\" data-id=\"ffb8df2\" data-element_type=\"widget\" data-widget_type=\"divider.default\">\n\t\t\t\t<div class=\"elementor-widget-container\">\n\t\t\t\t\t<div class=\"elementor-divider\">\n\t\t\t<span class=\"elementor-divider-separator\">\n\t\t\t\t\t\t<\/span>\n\t\t<\/div>\n\t\t\t\t<\/div>\n\t\t\t\t<\/div>\n\t\t\t\t<div class=\"elementor-element elementor-element-c2f7ac4 elementor-widget elementor-widget-text-editor\" data-id=\"c2f7ac4\" data-element_type=\"widget\" data-widget_type=\"text-editor.default\">\n\t\t\t\t<div class=\"elementor-widget-container\">\n\t\t\t\t\t\t\t\t<div class=\"elementor-text-editor elementor-clearfix\">\n\t\t\t\t<p style=\"text-align: center;\"><span style=\"color: #000000;\">documento de preguntas y respuestas aclaratorias al Decreto y as\u00ed como al documento donde\u00a0\u00a0se aclara el concepto de la competici\u00f3n Semiprofesional que con el Decreto en vigor se ha modificado con el objeto de ampliar algo m\u00e1s las competiciones del mundo federado.<\/span><\/p><p style=\"text-align: center;\"><span style=\"text-decoration: underline;\">Las principales modificaciones son:<\/span><\/p><p>\u00a0 \u00a0 \u00a0 \u00a0 \u00a0 \u00a0COMPETICIONES SEMIPROFESIONALES<\/p><ul><li>Las competiciones estatales e internacionales del calendario oficial, as\u00ed como las competiciones de m\u00e1ximo nivel organizadas por la federaci\u00f3n vasca correspondiente, en categor\u00eda ABSOLUTA. Aqu\u00ed pod\u00edan participar Deportistas de Categor\u00edas anterior a la absoluta pero no pod\u00eda haber deportistas de edad escolar.\u00a0Ahora los y las deportistas nacidas en los a\u00f1os 2005 y 2006 estar\u00edan incluidas.<\/li><li>Se incluyen, las competiciones estatales o internacionales de categor\u00edas anteriores a la absoluta, de deportistas nacidas los a\u00f1os anteriores al 2006 (este incluido).<\/li><li>Las competiciones de deportes aut\u00f3ctonos de m\u00e1ximo nivel de CATEGORIA ABSOLUTA.<\/li><\/ul>\t\t\t\t\t<\/div>\n\t\t\t\t\t\t<\/div>\n\t\t\t\t<\/div>\n\t\t\t\t<section class=\"elementor-section elementor-inner-section elementor-element elementor-element-f5f1b82 elementor-section-boxed elementor-section-height-default elementor-section-height-default\" data-id=\"f5f1b82\" data-element_type=\"section\">\n\t\t\t\t\t\t<div class=\"elementor-container elementor-column-gap-default\">\n\t\t\t\t\t\t\t<div class=\"elementor-row\">\n\t\t\t\t\t<div class=\"elementor-column elementor-col-50 elementor-inner-column elementor-element elementor-element-6adf5d5\" data-id=\"6adf5d5\" data-element_type=\"column\">\n\t\t\t<div class=\"elementor-column-wrap elementor-element-populated\">\n\t\t\t\t\t\t\t<div class=\"elementor-widget-wrap\">\n\t\t\t\t\t\t<div class=\"elementor-element elementor-element-27615f4 elementor-align-center elementor-widget elementor-widget-button\" data-id=\"27615f4\" data-element_type=\"widget\" data-widget_type=\"button.default\">\n\t\t\t\t<div class=\"elementor-widget-container\">\n\t\t\t\t\t<div class=\"elementor-button-wrapper\">\n\t\t\t<a href=\"https:\/\/nkef.eus\/wp-content\/uploads\/2020\/12\/JARDUERA-FISIKOA-ETA-KIROLA.-GALDERA-ERANTZUNAK-20.12.14.pdf\" class=\"elementor-button-link elementor-button elementor-size-sm\" role=\"button\">\n\t\t\t\t\t\t<span class=\"elementor-button-content-wrapper\">\n\t\t\t\t\t\t<span class=\"elementor-button-text\">Preguntas y Respuestas En Euskera<\/span>\n\t\t<\/span>\n\t\t\t\t\t<\/a>\n\t\t<\/div>\n\t\t\t\t<\/div>\n\t\t\t\t<\/div>\n\t\t\t\t<div class=\"elementor-element elementor-element-82e13e5 elementor-align-center elementor-widget elementor-widget-button\" data-id=\"82e13e5\" data-element_type=\"widget\" data-widget_type=\"button.default\">\n\t\t\t\t<div class=\"elementor-widget-container\">\n\t\t\t\t\t<div class=\"elementor-button-wrapper\">\n\t\t\t<a href=\"https:\/\/nkef.eus\/wp-content\/uploads\/2020\/12\/INFORMAZIO-OHARRA-KONTZEPTU-ERDI-PROFESIONALA-20.12.14.pdf\" class=\"elementor-button-link elementor-button elementor-size-sm\" role=\"button\">\n\t\t\t\t\t\t<span class=\"elementor-button-content-wrapper\">\n\t\t\t\t\t\t<span class=\"elementor-button-text\">Concepto Semiprofesional En  Euskera<\/span>\n\t\t<\/span>\n\t\t\t\t\t<\/a>\n\t\t<\/div>\n\t\t\t\t<\/div>\n\t\t\t\t<\/div>\n\t\t\t\t\t\t<\/div>\n\t\t\t\t\t<\/div>\n\t\t<\/div>\n\t\t\t\t<div class=\"elementor-column elementor-col-50 elementor-inner-column elementor-element elementor-element-eb140ce\" data-id=\"eb140ce\" data-element_type=\"column\">\n\t\t\t<div class=\"elementor-column-wrap elementor-element-populated\">\n\t\t\t\t\t\t\t<div class=\"elementor-widget-wrap\">\n\t\t\t\t\t\t<div class=\"elementor-element elementor-element-253813d elementor-align-center elementor-widget elementor-widget-button\" data-id=\"253813d\" data-element_type=\"widget\" data-widget_type=\"button.default\">\n\t\t\t\t<div class=\"elementor-widget-container\">\n\t\t\t\t\t<div class=\"elementor-button-wrapper\">\n\t\t\t<a href=\"https:\/\/nkef.eus\/wp-content\/uploads\/2020\/12\/ACTIVIDAD-FISICA-Y-DEPORTE.-PREGUNTAS-Y-RESPUESTAS.pdf\" class=\"elementor-button-link elementor-button elementor-size-sm\" role=\"button\">\n\t\t\t\t\t\t<span class=\"elementor-button-content-wrapper\">\n\t\t\t\t\t\t<span class=\"elementor-button-text\">Preguntas y Respuestas En Castellano<\/span>\n\t\t<\/span>\n\t\t\t\t\t<\/a>\n\t\t<\/div>\n\t\t\t\t<\/div>\n\t\t\t\t<\/div>\n\t\t\t\t<div class=\"elementor-element elementor-element-25b06b8 elementor-align-center elementor-widget elementor-widget-button\" data-id=\"25b06b8\" data-element_type=\"widget\" data-widget_type=\"button.default\">\n\t\t\t\t<div class=\"elementor-widget-container\">\n\t\t\t\t\t<div class=\"elementor-button-wrapper\">\n\t\t\t<a href=\"https:\/\/nkef.eus\/wp-content\/uploads\/2020\/12\/NOTA-ACLARATORIA-CONCEPTO-SEMI-PROFESIONAL-14.12.20.pdf\" class=\"elementor-button-link elementor-button elementor-size-sm\" role=\"button\">\n\t\t\t\t\t\t<span class=\"elementor-button-content-wrapper\">\n\t\t\t\t\t\t<span class=\"elementor-button-text\">Concepto Semiprofesional En Castellano<\/span>\n\t\t<\/span>\n\t\t\t\t\t<\/a>\n\t\t<\/div>\n\t\t\t\t<\/div>\n\t\t\t\t<\/div>\n\t\t\t\t\t\t<\/div>\n\t\t\t\t\t<\/div>\n\t\t<\/div>\n\t\t\t\t\t\t\t\t<\/div>\n\t\t\t\t\t<\/div>\n\t\t<\/section>\n\t\t\t\t\t\t<\/div>\n\t\t\t\t\t<\/div>\n\t\t<\/div>\n\t\t\t\t\t\t\t\t<\/div>\n\t\t\t\t\t<\/div>\n\t\t<\/section>\n\t\t\t\t\t\t\t\t\t<\/div>\n\t\t\t<\/div>\n\t\t\t\t\t<\/div>\n\t\t","protected":false},"excerpt":{"rendered":"<p>Nota Informativa Del Gobierno Vasco Aclarando El concepto Semi-Profesional. Documento elaborado por la Direcci\u00f3n de Actividad F\u00edsica y Deporte para aclaraci\u00f3n del concepto semiprofesional Ver Documento En Euskera Ver Documento En Castellano DECRETO 44\/2020, de 10 de diciembre, del Lehendakari, de refundici\u00f3n en un \u00fanico texto y actualizaci\u00f3n de medidas espec\u00edficas de prevenci\u00f3n, en el [&hellip;]<\/p>\n","protected":false},"author":3,"featured_media":2661,"comment_status":"closed","ping_status":"closed","sticky":false,"template":"elementor_header_footer","format":"standard","meta":[],"categories":[7,15],"tags":[],"_links":{"self":[{"href":"https:\/\/nkef.eus\/es_es\/index.php\/wp-json\/wp\/v2\/posts\/2356"}],"collection":[{"href":"https:\/\/nkef.eus\/es_es\/index.php\/wp-json\/wp\/v2\/posts"}],"about":[{"href":"https:\/\/nkef.eus\/es_es\/index.php\/wp-json\/wp\/v2\/types\/post"}],"author":[{"embeddable":true,"href":"https:\/\/nkef.eus\/es_es\/index.php\/wp-json\/wp\/v2\/users\/3"}],"replies":[{"embeddable":true,"href":"https:\/\/nkef.eus\/es_es\/index.php\/wp-json\/wp\/v2\/comments?post=2356"}],"version-history":[{"count":21,"href":"https:\/\/nkef.eus\/es_es\/index.php\/wp-json\/wp\/v2\/posts\/2356\/revisions"}],"predecessor-version":[{"id":2662,"href":"https:\/\/nkef.eus\/es_es\/index.php\/wp-json\/wp\/v2\/posts\/2356\/revisions\/2662"}],"wp:featuredmedia":[{"embeddable":true,"href":"https:\/\/nkef.eus\/es_es\/index.php\/wp-json\/wp\/v2\/media\/2661"}],"wp:attachment":[{"href":"https:\/\/nkef.eus\/es_es\/index.php\/wp-json\/wp\/v2\/media?parent=2356"}],"wp:term":[{"taxonomy":"category","embeddable":true,"href":"https:\/\/nkef.eus\/es_es\/index.php\/wp-json\/wp\/v2\/categories?post=2356"},{"taxonomy":"post_tag","embeddable":true,"href":"https:\/\/nkef.eus\/es_es\/index.php\/wp-json\/wp\/v2\/tags?post=2356"}],"curies":[{"name":"wp","href":"https:\/\/api.w.org\/{rel}","templated":true}]}}