{"id":2337,"date":"2020-12-02T08:38:02","date_gmt":"2020-12-02T08:38:02","guid":{"rendered":"https:\/\/nkef.eus\/?p=2337"},"modified":"2020-12-02T08:42:49","modified_gmt":"2020-12-02T08:42:49","slug":"el-estreno-de-la-liga-espanola-de-curling-y-la-liga-junior-de-dobles-mixtos-aplazado-a-la-temporada-2021-22","status":"publish","type":"post","link":"https:\/\/nkef.eus\/es_es\/index.php\/2020\/12\/02\/el-estreno-de-la-liga-espanola-de-curling-y-la-liga-junior-de-dobles-mixtos-aplazado-a-la-temporada-2021-22\/","title":{"rendered":"El estreno de la Liga Espa\u00f1ola de Curling y la Liga Junior de Dobles Mixtos, aplazado a la temporada 2021-22"},"content":{"rendered":"\t\t<div data-elementor-type=\"wp-post\" data-elementor-id=\"2337\" class=\"elementor elementor-2337\">\n\t\t\t\t\t\t<div class=\"elementor-inner\">\n\t\t\t\t<div class=\"elementor-section-wrap\">\n\t\t\t\t\t\t\t\t\t<section class=\"elementor-section elementor-top-section elementor-element elementor-element-3a0a1e9 elementor-section-content-middle elementor-section-boxed elementor-section-height-default elementor-section-height-default\" data-id=\"3a0a1e9\" data-element_type=\"section\">\n\t\t\t\t\t\t<div class=\"elementor-container elementor-column-gap-no\">\n\t\t\t\t\t\t\t<div class=\"elementor-row\">\n\t\t\t\t\t<div class=\"elementor-column elementor-col-100 elementor-top-column elementor-element elementor-element-256f45c8\" data-id=\"256f45c8\" data-element_type=\"column\">\n\t\t\t<div class=\"elementor-column-wrap elementor-element-populated\">\n\t\t\t\t\t\t\t<div class=\"elementor-widget-wrap\">\n\t\t\t\t\t\t<div class=\"elementor-element elementor-element-5bdfe7c0 elementor-widget elementor-widget-heading\" data-id=\"5bdfe7c0\" data-element_type=\"widget\" data-widget_type=\"heading.default\">\n\t\t\t\t<div class=\"elementor-widget-container\">\n\t\t\t<h4 class=\"elementor-heading-title elementor-size-default\">El estreno de la Liga Espa\u00f1ola de Curling y la Liga Junior de Dobles Mixtos, aplazado a la temporada 2021-22<\/h4>\t\t<\/div>\n\t\t\t\t<\/div>\n\t\t\t\t<div class=\"elementor-element elementor-element-c9ed5b1 elementor-widget elementor-widget-image\" data-id=\"c9ed5b1\" data-element_type=\"widget\" data-widget_type=\"image.default\">\n\t\t\t\t<div class=\"elementor-widget-container\">\n\t\t\t\t\t\t\t\t<div class=\"elementor-image\">\n\t\t\t\t\t\t\t\t\t<figure class=\"wp-caption\">\n\t\t\t\t\t\t\t\t\t\t<img width=\"580\" height=\"363\" src=\"https:\/\/nkef.eus\/wp-content\/uploads\/2020\/12\/Cancelacion_Liga-Espanola-Curling-1536x961-1-1024x641.jpg\" class=\"attachment-large size-large\" alt=\"\" loading=\"lazy\" srcset=\"https:\/\/nkef.eus\/wp-content\/uploads\/2020\/12\/Cancelacion_Liga-Espanola-Curling-1536x961-1-1024x641.jpg 1024w, https:\/\/nkef.eus\/wp-content\/uploads\/2020\/12\/Cancelacion_Liga-Espanola-Curling-1536x961-1-300x188.jpg 300w, https:\/\/nkef.eus\/wp-content\/uploads\/2020\/12\/Cancelacion_Liga-Espanola-Curling-1536x961-1-768x481.jpg 768w, https:\/\/nkef.eus\/wp-content\/uploads\/2020\/12\/Cancelacion_Liga-Espanola-Curling-1536x961-1-16x10.jpg 16w, https:\/\/nkef.eus\/wp-content\/uploads\/2020\/12\/Cancelacion_Liga-Espanola-Curling-1536x961-1.jpg 1536w\" sizes=\"(max-width: 580px) 100vw, 580px\" \/>\t\t\t\t\t\t\t\t\t\t\t<figcaption class=\"widget-image-caption wp-caption-text\">Noticia Real Federaci\u00f3n Espa\u00f1ola deportes de hielo (RFEDH)<\/figcaption>\n\t\t\t\t\t\t\t\t\t\t<\/figure>\n\t\t\t\t\t\t\t\t<\/div>\n\t\t\t\t\t\t<\/div>\n\t\t\t\t<\/div>\n\t\t\t\t<div class=\"elementor-element elementor-element-d5a86b4 elementor-widget-divider--view-line elementor-widget elementor-widget-divider\" data-id=\"d5a86b4\" data-element_type=\"widget\" data-widget_type=\"divider.default\">\n\t\t\t\t<div class=\"elementor-widget-container\">\n\t\t\t\t\t<div class=\"elementor-divider\">\n\t\t\t<span class=\"elementor-divider-separator\">\n\t\t\t\t\t\t<\/span>\n\t\t<\/div>\n\t\t\t\t<\/div>\n\t\t\t\t<\/div>\n\t\t\t\t<div class=\"elementor-element elementor-element-69a8e678 elementor-widget elementor-widget-text-editor\" data-id=\"69a8e678\" data-element_type=\"widget\" data-widget_type=\"text-editor.default\">\n\t\t\t\t<div class=\"elementor-widget-container\">\n\t\t\t\t\t\t\t\t<div class=\"elementor-text-editor elementor-clearfix\">\n\t\t\t\t<p><em>Ante las restricciones vigentes por la pandemia, la Junta de la RFEDH decide esperar al pr\u00f3ximo a\u00f1o para llevar a cabo la primera edici\u00f3n de las dos competiciones nacionales.\u00a0<\/em><\/p><p>Despu\u00e9s de verse aplazado su inicio, programado para el 24-25 de octubre, la RFEDH ha decidido que la Liga Espa\u00f1ola de Curling y la Liga Junior de Dobles Mixtos finalmente se celebren a partir de la temporada 2021-22.<\/p><p>Ambas competiciones quer\u00edan ofrecer mayor actividad para nuestros deportistas tanto senior como junior, pero tras analizar la situaci\u00f3n actual y ante la dificultad para poder llevar a cabo la celebraci\u00f3n de las tres jornadas de competici\u00f3n, la Junta de la RFEDH ha tomado la decisi\u00f3n de aplazar su inicio al pr\u00f3ximo a\u00f1o.<\/p><p style=\"text-align: center;\">Por otra parte, confirmamos el compromiso firme de celebrar los Campeonatos de Espa\u00f1a de Curling durante el primer trimestre de 2021, tal y como est\u00e1 previsto y dentro del paraguas del protocolo del CSD para competiciones estatales.<\/p>\t\t\t\t\t<\/div>\n\t\t\t\t\t\t<\/div>\n\t\t\t\t<\/div>\n\t\t\t\t\t\t<\/div>\n\t\t\t\t\t<\/div>\n\t\t<\/div>\n\t\t\t\t\t\t\t\t<\/div>\n\t\t\t\t\t<\/div>\n\t\t<\/section>\n\t\t\t\t\t\t\t\t\t<\/div>\n\t\t\t<\/div>\n\t\t\t\t\t<\/div>\n\t\t","protected":false},"excerpt":{"rendered":"<p>El estreno de la Liga Espa\u00f1ola de Curling y la Liga Junior de Dobles Mixtos, aplazado a la temporada 2021-22 Noticia Real Federaci\u00f3n Espa\u00f1ola deportes de hielo (RFEDH) Ante las restricciones vigentes por la pandemia, la Junta de la RFEDH decide esperar al pr\u00f3ximo a\u00f1o para llevar a cabo la primera edici\u00f3n de las dos [&hellip;]<\/p>\n","protected":false},"author":3,"featured_media":2338,"comment_status":"closed","ping_status":"closed","sticky":false,"template":"elementor_header_footer","format":"standard","meta":[],"categories":[8],"tags":[],"_links":{"self":[{"href":"https:\/\/nkef.eus\/es_es\/index.php\/wp-json\/wp\/v2\/posts\/2337"}],"collection":[{"href":"https:\/\/nkef.eus\/es_es\/index.php\/wp-json\/wp\/v2\/posts"}],"about":[{"href":"https:\/\/nkef.eus\/es_es\/index.php\/wp-json\/wp\/v2\/types\/post"}],"author":[{"embeddable":true,"href":"https:\/\/nkef.eus\/es_es\/index.php\/wp-json\/wp\/v2\/users\/3"}],"replies":[{"embeddable":true,"href":"https:\/\/nkef.eus\/es_es\/index.php\/wp-json\/wp\/v2\/comments?post=2337"}],"version-history":[{"count":4,"href":"https:\/\/nkef.eus\/es_es\/index.php\/wp-json\/wp\/v2\/posts\/2337\/revisions"}],"predecessor-version":[{"id":2342,"href":"https:\/\/nkef.eus\/es_es\/index.php\/wp-json\/wp\/v2\/posts\/2337\/revisions\/2342"}],"wp:featuredmedia":[{"embeddable":true,"href":"https:\/\/nkef.eus\/es_es\/index.php\/wp-json\/wp\/v2\/media\/2338"}],"wp:attachment":[{"href":"https:\/\/nkef.eus\/es_es\/index.php\/wp-json\/wp\/v2\/media?parent=2337"}],"wp:term":[{"taxonomy":"category","embeddable":true,"href":"https:\/\/nkef.eus\/es_es\/index.php\/wp-json\/wp\/v2\/categories?post=2337"},{"taxonomy":"post_tag","embeddable":true,"href":"https:\/\/nkef.eus\/es_es\/index.php\/wp-json\/wp\/v2\/tags?post=2337"}],"curies":[{"name":"wp","href":"https:\/\/api.w.org\/{rel}","templated":true}]}}