{"id":2267,"date":"2020-11-27T12:16:05","date_gmt":"2020-11-27T12:16:05","guid":{"rendered":"https:\/\/nkef.eus\/?p=2267"},"modified":"2020-12-22T16:35:26","modified_gmt":"2020-12-22T16:35:26","slug":"mikel-unanue-oihane-otaegi-entrevista-basque-team","status":"publish","type":"post","link":"https:\/\/nkef.eus\/es_es\/index.php\/2020\/11\/27\/mikel-unanue-oihane-otaegi-entrevista-basque-team\/","title":{"rendered":"Mikel Unanue \/ Oihane Otaegi &#8211; Entrevista Basque Team"},"content":{"rendered":"\t\t<div data-elementor-type=\"wp-post\" data-elementor-id=\"2267\" class=\"elementor elementor-2267\">\n\t\t\t\t\t\t<div class=\"elementor-inner\">\n\t\t\t\t<div class=\"elementor-section-wrap\">\n\t\t\t\t\t\t\t\t\t<section class=\"elementor-section elementor-top-section elementor-element elementor-element-5c528dbe elementor-section-content-middle elementor-section-boxed elementor-section-height-default elementor-section-height-default\" data-id=\"5c528dbe\" data-element_type=\"section\">\n\t\t\t\t\t\t<div class=\"elementor-container elementor-column-gap-no\">\n\t\t\t\t\t\t\t<div class=\"elementor-row\">\n\t\t\t\t\t<div class=\"elementor-column elementor-col-100 elementor-top-column elementor-element elementor-element-6f2f5c53\" data-id=\"6f2f5c53\" data-element_type=\"column\">\n\t\t\t<div class=\"elementor-column-wrap elementor-element-populated\">\n\t\t\t\t\t\t\t<div class=\"elementor-widget-wrap\">\n\t\t\t\t\t\t<div class=\"elementor-element elementor-element-4e094203 elementor-widget elementor-widget-heading\" data-id=\"4e094203\" data-element_type=\"widget\" data-widget_type=\"heading.default\">\n\t\t\t\t<div class=\"elementor-widget-container\">\n\t\t\t<h4 class=\"elementor-heading-title elementor-size-default\">Mikel Unanue \/ Oihane Otaegi - Entrevista Basque Team<\/h4>\t\t<\/div>\n\t\t\t\t<\/div>\n\t\t\t\t<div class=\"elementor-element elementor-element-05b5e5a elementor-widget elementor-widget-image\" data-id=\"05b5e5a\" data-element_type=\"widget\" data-widget_type=\"image.default\">\n\t\t\t\t<div class=\"elementor-widget-container\">\n\t\t\t\t\t\t\t\t<div class=\"elementor-image\">\n\t\t\t\t\t\t\t\t\t\t\t\t<img width=\"580\" height=\"580\" src=\"https:\/\/nkef.eus\/wp-content\/uploads\/2020\/11\/basque-team-1024x1024.png\" class=\"attachment-large size-large\" alt=\"\" loading=\"lazy\" srcset=\"https:\/\/nkef.eus\/wp-content\/uploads\/2020\/11\/basque-team-1024x1024.png 1024w, https:\/\/nkef.eus\/wp-content\/uploads\/2020\/11\/basque-team-300x300.png 300w, https:\/\/nkef.eus\/wp-content\/uploads\/2020\/11\/basque-team-150x150.png 150w, https:\/\/nkef.eus\/wp-content\/uploads\/2020\/11\/basque-team-768x768.png 768w, https:\/\/nkef.eus\/wp-content\/uploads\/2020\/11\/basque-team-12x12.png 12w, https:\/\/nkef.eus\/wp-content\/uploads\/2020\/11\/basque-team.png 1080w\" sizes=\"(max-width: 580px) 100vw, 580px\" \/>\t\t\t\t\t\t\t\t\t\t\t\t\t\t<\/div>\n\t\t\t\t\t\t<\/div>\n\t\t\t\t<\/div>\n\t\t\t\t<div class=\"elementor-element elementor-element-844f5c5 elementor-widget elementor-widget-text-editor\" data-id=\"844f5c5\" data-element_type=\"widget\" data-widget_type=\"text-editor.default\">\n\t\t\t\t<div class=\"elementor-widget-container\">\n\t\t\t\t\t\t\t\t<div class=\"elementor-text-editor elementor-clearfix\">\n\t\t\t\t<p style=\"text-align: center;\"><span style=\"color: #000000;\"><strong>\u201cAhora nuestro sue\u00f1o es el deporte y llegar a unos Juegos Ol\u00edmpicos\u201d<\/strong><\/span><\/p>\t\t\t\t\t<\/div>\n\t\t\t\t\t\t<\/div>\n\t\t\t\t<\/div>\n\t\t\t\t<div class=\"elementor-element elementor-element-eec4dbc elementor-aspect-ratio-169 elementor-widget elementor-widget-video\" data-id=\"eec4dbc\" data-element_type=\"widget\" data-settings=\"{&quot;youtube_url&quot;:&quot;https:\\\/\\\/www.youtube.com\\\/watch?v=Wz2U2ce7wW4&amp;feature=youtu.be&quot;,&quot;video_type&quot;:&quot;youtube&quot;,&quot;controls&quot;:&quot;yes&quot;,&quot;aspect_ratio&quot;:&quot;169&quot;}\" data-widget_type=\"video.default\">\n\t\t\t\t<div class=\"elementor-widget-container\">\n\t\t\t\t\t<div class=\"elementor-wrapper elementor-fit-aspect-ratio elementor-open-inline\">\n\t\t\t<div class=\"elementor-video\"><\/div>\t\t<\/div>\n\t\t\t\t<\/div>\n\t\t\t\t<\/div>\n\t\t\t\t<div class=\"elementor-element elementor-element-a760389 elementor-widget elementor-widget-text-editor\" data-id=\"a760389\" data-element_type=\"widget\" data-widget_type=\"text-editor.default\">\n\t\t\t\t<div class=\"elementor-widget-container\">\n\t\t\t\t\t\t\t\t<div class=\"elementor-text-editor elementor-clearfix\">\n\t\t\t\t<table width=\"100%\"><tbody><tr><td><table width=\"100%\"><tbody><tr><td width=\"600\"><table width=\"100%\"><tbody><tr><td><p>\u00a0Pese a tener que hacer frente a un comienzo de temporada plagada de imprevistos en el que han tenido que sobreponerse incluso a los efectos de la covid-19, los jugadores de curling Mikel Unanue y Oihane Otaegi han conseguido este mes el bronce en la Heracles Mixed Doubles Slovakia Cup, torneo del World Curling Tour. Este bronce les permite coger impulso y motivaci\u00f3n para continuar con su lucha para alcanzar su m\u00e1ximo objetivo, la clasificaci\u00f3n para los Juegos de Beijing 2022. En su primer a\u00f1o como becados de Basque Team, hemos aprovechado sus d\u00edas en Donostia para charlas con ellos.<\/p><p>\u201cAhora estamos en esta pista tan bonita de Donosti que tanto nos ha ayudado para mejorar poco a poco; se trata de la pista de Txuri-Urdin, aqu\u00ed, en San Sebasti\u00e1n. Nuestros comienzos fueron duros porque era un deporte desconocido, un deporte donde no hab\u00eda demasiada documentaci\u00f3n e informaci\u00f3n pero poco a poco fuimos mejorando. Esos primeros tres o cuatro a\u00f1os conseguir resultados fue muy complicado, y yo calculo que a finales de 2010 y principio de 2011 comenzamos a tener unos resultados m\u00e1s importantes y a partir de ah\u00ed todo fue para arriba\u201d, cuenta Mikel.<\/p><p>\u201cVenimos de Bratislava porque llevamos a\u00f1os participando en el circuito mundial, el World Curling Tour, y la prueba de Bratislava es una de las pruebas incluidas dentro del circuito. Es un circuito muy\u00a0 interesante porque es donde participan las mejores parejas de curling en esta modalidad ahora mismo. Est\u00e1bamos apuntados a siete de aqu\u00ed a Navidades pero han ido cayendo todas una detr\u00e1s de otra y hemos tenido que hacer ajustes. En el \u00faltimo momento vimos que pod\u00edamos encajar la prueba de Bratislava y la verdad es que estamos contentos de haber ido y de habernos tra\u00eddo la medalla de bronce\u201d apunta Oihane.<\/p><p>\u201cHe venido satisfecho pero no contento del todo, siempre queda un resquicio que crees que se puede hacer mejor, aunque por supuesto que el resultado est\u00e1 ah\u00ed\u201d a\u00f1ade Unanue.<\/p><p>\u201cSi mejoramos la forma de entrenar y vamos a competiciones de mayor nivel, qui\u00e9n sabe si podremos conseguir esas cosas que est\u00e1n consiguiendo otros. Bajo nuestro punto de vista no est\u00e1n tan lejos\u201d declara Otaegi.<\/p><p>\u201cCreo que tenemos un margen de mejora muy grande y para conseguir los objetivos que tenemos de tener una mejora continua . No se puede parar. Como deportistas de alto nivel necesitamos de una instalaci\u00f3n much\u00edsimo m\u00e1s preparada y por ello, ahora en tiempo de coronavirus estamos utilizando la pista de Jaca para los entrenamientos por lo que estamos muy agradecidos\u201d explica Mikel.<\/p><p>\u201cAgradecemos mucho el apoyo que hemos recibido este a\u00f1o por primera vez de Basque Team, que nos viene muy bien sobre todo para andar m\u00e1s tranquilos con todos los imprevistos que est\u00e1n surgiendo\u201d concluye Oihane. \u00a0\u00a0<\/p><\/td><\/tr><\/tbody><\/table><\/td><\/tr><\/tbody><\/table><\/td><\/tr><\/tbody><\/table>\t\t\t\t\t<\/div>\n\t\t\t\t\t\t<\/div>\n\t\t\t\t<\/div>\n\t\t\t\t<div class=\"elementor-element elementor-element-069ca08 elementor-widget elementor-widget-text-editor\" data-id=\"069ca08\" data-element_type=\"widget\" data-widget_type=\"text-editor.default\">\n\t\t\t\t<div class=\"elementor-widget-container\">\n\t\t\t\t\t\t\t\t<div class=\"elementor-text-editor elementor-clearfix\">\n\t\t\t\t<p style=\"text-align: center;\"><span style=\"color: #000000;\"><strong>\u201cOrain kirola eta Olinpiar Jokoetara iristea da gure ametsa\u201d<\/strong><\/span><\/p>\t\t\t\t\t<\/div>\n\t\t\t\t\t\t<\/div>\n\t\t\t\t<\/div>\n\t\t\t\t<div class=\"elementor-element elementor-element-5293170 elementor-aspect-ratio-169 elementor-widget elementor-widget-video\" data-id=\"5293170\" data-element_type=\"widget\" data-settings=\"{&quot;youtube_url&quot;:&quot;https:\\\/\\\/www.youtube.com\\\/watch?v=-JFlmujQBX0&amp;feature=youtu.be&quot;,&quot;video_type&quot;:&quot;youtube&quot;,&quot;controls&quot;:&quot;yes&quot;,&quot;aspect_ratio&quot;:&quot;169&quot;}\" data-widget_type=\"video.default\">\n\t\t\t\t<div class=\"elementor-widget-container\">\n\t\t\t\t\t<div class=\"elementor-wrapper elementor-fit-aspect-ratio elementor-open-inline\">\n\t\t\t<div class=\"elementor-video\"><\/div>\t\t<\/div>\n\t\t\t\t<\/div>\n\t\t\t\t<\/div>\n\t\t\t\t<div class=\"elementor-element elementor-element-251909c elementor-widget elementor-widget-text-editor\" data-id=\"251909c\" data-element_type=\"widget\" data-widget_type=\"text-editor.default\">\n\t\t\t\t<div class=\"elementor-widget-container\">\n\t\t\t\t\t\t\t\t<div class=\"elementor-text-editor elementor-clearfix\">\n\t\t\t\t<table width=\"100%\"><tbody><tr><td><p>\u00a0<\/p><p>Nahiz eta ezustekoz beteriko denboraldi hasierari eta covid-19ak eragindako efektuei aurre egin behar izan dieten, \u00a0Mikel Unanuek eta Oihane Otaegik brontzea lortu dute hilabete honetan World Curling Tourreko Heracles Mixed Doubles Slovakia Cup txapelketan. Brontze honek bultzada eta motibazioa ematen die Unanueri eta Otaegiri euren helburu nagusia, Beijingeko 2022ko Jokoetarako sailkapena, lortzeko borrokarekin jarraitzeko. Basque Teamekin beka eskuratu dute aurten lehen aldiz eta Donostian igaro dituzten azken egunak aprobetxatu ditugu eurekin solasean aritzeko.<br \/><br \/><br \/>\u201cDonostiko Izotz Jauregian gaude, Txuri-Urdinen. Hau izan zen gure abiapuntua, gure hasiera-puntua eta hortik aurrera gure mundua erabat aldatu da eta kirola oraintxe bertan da gure ametsik inportanteena Joko Olinpikoetara iristeko. Lehenengo urteak nahiko latzak izan ziren, nahiko gogorrak, garaipenak lortzea ez zen batere erreza eta Espainia mailan partidak zailagoak ziren.\u00a0 Pixkanaka-pixkanaka lortu genituen gure helburuak, gure emaitzak eta gauzak askoz hobeto joan ziren, hori izan zen 2011 urtetik gutxi gorabehera\u201d dio Mikelek.<br \/>\u00a0<br \/>\u201cOso denboraldi bitxia izaten ari da. Gabonak arte zazpi World Curling Tourreko probetan parte hartu behar genuen eta oraingoz bitan parte hartu dugu, eta hirugarren bat egitekotan gaude eta zorte apur batekin laugarren at ere Gabonak baino lehen. Bratislavatik etorri berriak gara. Emaitza ona izan da baina nik uste dut jokatzeko maila hobea izan daitekeela\u201d azaldu du Oihanek.<br \/>\u00a0<br \/>\u201cPozik nago baina badakit nire margena eta Oihanerena oso handia dela. Beriro domina ahaztu eta berriro lanean jarraitu behar dugu, hurrengora, Poloniara iristeko\u201d adierazi du Unanuek.<br \/>\u00a0\u201cAgian bide honetatik jarraitzen badugu, egunen batean zerbait handia lortzeko gai izango gara. Aukera gehiago ikusten ditut zuzeneko sailkapen horretan, Munduko txapelketan lehen zazpien artean geratzea\u201d dio Otaegik.<br \/>\u00a0\u201cEuskal Herrian ez dago curlingeko izotz jauregirik, horretarako izotz jauregi espezifikorik eta horregatik atzerrira edo Jacara joan behar gara. Jaca da gure zentrorik gertuena eta horrela ez dugu hainbeste bidaiatu behar. Gure helburua izango litzateke izotz oso prestatuetan jokatu eta batez ere entrenatzea\u201d gehitu du Mikelek. \u00a0<br \/>\u00a0\u201cHasi ginenean guk ordaintzen genuen dena, gure oporrak eta oporretako dirua curlingera zihoan eta orain Basque Teameko laguntza jasotzen hasi gara eta egia esan eskertzekoa izan da horrek lasaitasun itzela eman digulako denboraldi honetan gertatzen ari diren ezustekoei aurre egiteko\u201d bukatu du Oihanek.\u00a0<\/p><\/td><\/tr><\/tbody><\/table><p>\u00a0<\/p>\t\t\t\t\t<\/div>\n\t\t\t\t\t\t<\/div>\n\t\t\t\t<\/div>\n\t\t\t\t\t\t<\/div>\n\t\t\t\t\t<\/div>\n\t\t<\/div>\n\t\t\t\t\t\t\t\t<\/div>\n\t\t\t\t\t<\/div>\n\t\t<\/section>\n\t\t\t\t\t\t\t\t\t<\/div>\n\t\t\t<\/div>\n\t\t\t\t\t<\/div>\n\t\t","protected":false},"excerpt":{"rendered":"<p>Mikel Unanue \/ Oihane Otaegi &#8211; Entrevista Basque Team \u201cAhora nuestro sue\u00f1o es el deporte y llegar a unos Juegos Ol\u00edmpicos\u201d \u00a0Pese a tener que hacer frente a un comienzo de temporada plagada de imprevistos en el que han tenido que sobreponerse incluso a los efectos de la covid-19, los jugadores de curling Mikel Unanue [&hellip;]<\/p>\n","protected":false},"author":3,"featured_media":2663,"comment_status":"closed","ping_status":"closed","sticky":false,"template":"elementor_header_footer","format":"standard","meta":[],"categories":[8],"tags":[],"_links":{"self":[{"href":"https:\/\/nkef.eus\/es_es\/index.php\/wp-json\/wp\/v2\/posts\/2267"}],"collection":[{"href":"https:\/\/nkef.eus\/es_es\/index.php\/wp-json\/wp\/v2\/posts"}],"about":[{"href":"https:\/\/nkef.eus\/es_es\/index.php\/wp-json\/wp\/v2\/types\/post"}],"author":[{"embeddable":true,"href":"https:\/\/nkef.eus\/es_es\/index.php\/wp-json\/wp\/v2\/users\/3"}],"replies":[{"embeddable":true,"href":"https:\/\/nkef.eus\/es_es\/index.php\/wp-json\/wp\/v2\/comments?post=2267"}],"version-history":[{"count":8,"href":"https:\/\/nkef.eus\/es_es\/index.php\/wp-json\/wp\/v2\/posts\/2267\/revisions"}],"predecessor-version":[{"id":2664,"href":"https:\/\/nkef.eus\/es_es\/index.php\/wp-json\/wp\/v2\/posts\/2267\/revisions\/2664"}],"wp:featuredmedia":[{"embeddable":true,"href":"https:\/\/nkef.eus\/es_es\/index.php\/wp-json\/wp\/v2\/media\/2663"}],"wp:attachment":[{"href":"https:\/\/nkef.eus\/es_es\/index.php\/wp-json\/wp\/v2\/media?parent=2267"}],"wp:term":[{"taxonomy":"category","embeddable":true,"href":"https:\/\/nkef.eus\/es_es\/index.php\/wp-json\/wp\/v2\/categories?post=2267"},{"taxonomy":"post_tag","embeddable":true,"href":"https:\/\/nkef.eus\/es_es\/index.php\/wp-json\/wp\/v2\/tags?post=2267"}],"curies":[{"name":"wp","href":"https:\/\/api.w.org\/{rel}","templated":true}]}}