{"id":2205,"date":"2020-11-25T10:21:30","date_gmt":"2020-11-25T10:21:30","guid":{"rendered":"https:\/\/nkef.eus\/?p=2205"},"modified":"2020-11-30T11:08:50","modified_gmt":"2020-11-30T11:08:50","slug":"las-asociaciones-de-federaciones-deportivas-de-euskadi-solicitan-la-reanudacion-de-la-actividad-escolar-oficial-y-federada","status":"publish","type":"post","link":"https:\/\/nkef.eus\/es_es\/index.php\/2020\/11\/25\/las-asociaciones-de-federaciones-deportivas-de-euskadi-solicitan-la-reanudacion-de-la-actividad-escolar-oficial-y-federada\/","title":{"rendered":"LAS ASOCIACIONES DE FEDERACIONES DEPORTIVAS DE EUSKADI SOLICITAN LA REANUDACI\u00d3N DE LA ACTIVIDAD ESCOLAR OFICIAL Y FEDERADA."},"content":{"rendered":"\t\t<div data-elementor-type=\"wp-post\" data-elementor-id=\"2205\" class=\"elementor elementor-2205\">\n\t\t\t\t\t\t<div class=\"elementor-inner\">\n\t\t\t\t<div class=\"elementor-section-wrap\">\n\t\t\t\t\t\t\t\t\t<section class=\"elementor-section elementor-top-section elementor-element elementor-element-4213b5fe elementor-section-content-middle elementor-section-boxed elementor-section-height-default elementor-section-height-default\" data-id=\"4213b5fe\" data-element_type=\"section\">\n\t\t\t\t\t\t<div class=\"elementor-container elementor-column-gap-no\">\n\t\t\t\t\t\t\t<div class=\"elementor-row\">\n\t\t\t\t\t<div class=\"elementor-column elementor-col-100 elementor-top-column elementor-element elementor-element-ac72230\" data-id=\"ac72230\" data-element_type=\"column\">\n\t\t\t<div class=\"elementor-column-wrap elementor-element-populated\">\n\t\t\t\t\t\t\t<div class=\"elementor-widget-wrap\">\n\t\t\t\t\t\t<div class=\"elementor-element elementor-element-972cdfc elementor-widget elementor-widget-heading\" data-id=\"972cdfc\" data-element_type=\"widget\" data-widget_type=\"heading.default\">\n\t\t\t\t<div class=\"elementor-widget-container\">\n\t\t\t<h4 class=\"elementor-heading-title elementor-size-default\">LAS ASOCIACIONES DE FEDERACIONES DEPORTIVAS DE EUSKADI SOLICITAN LA REANUDACI\u00d3N DE LA ACTIVIDAD ESCOLAR OFICIAL Y FEDERADA.<\/h4>\t\t<\/div>\n\t\t\t\t<\/div>\n\t\t\t\t<div class=\"elementor-element elementor-element-dfb9b57 elementor-widget elementor-widget-image\" data-id=\"dfb9b57\" data-element_type=\"widget\" data-widget_type=\"image.default\">\n\t\t\t\t<div class=\"elementor-widget-container\">\n\t\t\t\t\t\t\t\t<div class=\"elementor-image\">\n\t\t\t\t\t\t\t\t\t\t\t\t<img width=\"580\" height=\"580\" src=\"https:\/\/nkef.eus\/wp-content\/uploads\/2020\/11\/55-1024x1024.png\" class=\"attachment-large size-large\" alt=\"\" loading=\"lazy\" srcset=\"https:\/\/nkef.eus\/wp-content\/uploads\/2020\/11\/55-1024x1024.png 1024w, https:\/\/nkef.eus\/wp-content\/uploads\/2020\/11\/55-300x300.png 300w, https:\/\/nkef.eus\/wp-content\/uploads\/2020\/11\/55-150x150.png 150w, https:\/\/nkef.eus\/wp-content\/uploads\/2020\/11\/55-768x768.png 768w, https:\/\/nkef.eus\/wp-content\/uploads\/2020\/11\/55-12x12.png 12w, https:\/\/nkef.eus\/wp-content\/uploads\/2020\/11\/55.png 1080w\" sizes=\"(max-width: 580px) 100vw, 580px\" \/>\t\t\t\t\t\t\t\t\t\t\t\t\t\t<\/div>\n\t\t\t\t\t\t<\/div>\n\t\t\t\t<\/div>\n\t\t\t\t<div class=\"elementor-element elementor-element-94bb28b elementor-widget-divider--view-line elementor-widget elementor-widget-divider\" data-id=\"94bb28b\" data-element_type=\"widget\" data-widget_type=\"divider.default\">\n\t\t\t\t<div class=\"elementor-widget-container\">\n\t\t\t\t\t<div class=\"elementor-divider\">\n\t\t\t<span class=\"elementor-divider-separator\">\n\t\t\t\t\t\t<\/span>\n\t\t<\/div>\n\t\t\t\t<\/div>\n\t\t\t\t<\/div>\n\t\t\t\t<div class=\"elementor-element elementor-element-829d8c4 elementor-widget elementor-widget-text-editor\" data-id=\"829d8c4\" data-element_type=\"widget\" data-widget_type=\"text-editor.default\">\n\t\t\t\t<div class=\"elementor-widget-container\">\n\t\t\t\t\t\t\t\t<div class=\"elementor-text-editor elementor-clearfix\">\n\t\t\t\t<p style=\"text-align: center;\"><span style=\"color: #000000;\">Las cuatro Uniones de Federaciones deportivas (Uni\u00f3n de Federaciones Deportivas Vascas EKFB-UFDV, Asociaci\u00f3n de Federaciones Deportivas de \u00c1lava A.F.D.A., Asociaci\u00f3n de Federaciones Deportivas de Bizkaia ASFEDEBI y Asociaci\u00f3n de Federaciones Deportivas de Gipuzkoa AFEDEGI) solicitan la autorizaci\u00f3n de la actividad del deporte federado y del deporte escolar.<\/span><\/p>\t\t\t\t\t<\/div>\n\t\t\t\t\t\t<\/div>\n\t\t\t\t<\/div>\n\t\t\t\t<div class=\"elementor-element elementor-element-c1bb9c3 elementor-widget-divider--view-line elementor-widget elementor-widget-divider\" data-id=\"c1bb9c3\" data-element_type=\"widget\" data-widget_type=\"divider.default\">\n\t\t\t\t<div class=\"elementor-widget-container\">\n\t\t\t\t\t<div class=\"elementor-divider\">\n\t\t\t<span class=\"elementor-divider-separator\">\n\t\t\t\t\t\t<\/span>\n\t\t<\/div>\n\t\t\t\t<\/div>\n\t\t\t\t<\/div>\n\t\t\t\t<div class=\"elementor-element elementor-element-ad3df90 elementor-align-center elementor-widget elementor-widget-button\" data-id=\"ad3df90\" data-element_type=\"widget\" data-widget_type=\"button.default\">\n\t\t\t\t<div class=\"elementor-widget-container\">\n\t\t\t\t\t<div class=\"elementor-button-wrapper\">\n\t\t\t<a href=\"https:\/\/nkef.eus\/wp-content\/uploads\/2020\/11\/EUSKERA-EUSKADIKO-KIROL-FEDERAZIOEN-ELKARTEEN-JAKINARAZPENA.pdf\" class=\"elementor-button-link elementor-button elementor-size-sm\" role=\"button\">\n\t\t\t\t\t\t<span class=\"elementor-button-content-wrapper\">\n\t\t\t\t\t\t<span class=\"elementor-button-text\">Ver Comunicado En Euskera<\/span>\n\t\t<\/span>\n\t\t\t\t\t<\/a>\n\t\t<\/div>\n\t\t\t\t<\/div>\n\t\t\t\t<\/div>\n\t\t\t\t<div class=\"elementor-element elementor-element-f284a41 elementor-align-center elementor-widget elementor-widget-button\" data-id=\"f284a41\" data-element_type=\"widget\" data-widget_type=\"button.default\">\n\t\t\t\t<div class=\"elementor-widget-container\">\n\t\t\t\t\t<div class=\"elementor-button-wrapper\">\n\t\t\t<a href=\"https:\/\/nkef.eus\/wp-content\/uploads\/2020\/11\/CASTELLANO-COMUNICADO-DE-LAS-ASOCIACIONES-DE-FEDERACIONES-DEPORTIVAS-DE-EUSKADI.pdf\" class=\"elementor-button-link elementor-button elementor-size-sm\" role=\"button\">\n\t\t\t\t\t\t<span class=\"elementor-button-content-wrapper\">\n\t\t\t\t\t\t<span class=\"elementor-button-text\">Ver Comunicado En Castellano<\/span>\n\t\t<\/span>\n\t\t\t\t\t<\/a>\n\t\t<\/div>\n\t\t\t\t<\/div>\n\t\t\t\t<\/div>\n\t\t\t\t<div class=\"elementor-element elementor-element-71ce485 elementor-widget-divider--view-line elementor-widget elementor-widget-divider\" data-id=\"71ce485\" data-element_type=\"widget\" data-widget_type=\"divider.default\">\n\t\t\t\t<div class=\"elementor-widget-container\">\n\t\t\t\t\t<div class=\"elementor-divider\">\n\t\t\t<span class=\"elementor-divider-separator\">\n\t\t\t\t\t\t<\/span>\n\t\t<\/div>\n\t\t\t\t<\/div>\n\t\t\t\t<\/div>\n\t\t\t\t<div class=\"elementor-element elementor-element-33bbbca elementor-align-center elementor-widget elementor-widget-button\" data-id=\"33bbbca\" data-element_type=\"widget\" data-widget_type=\"button.default\">\n\t\t\t\t<div class=\"elementor-widget-container\">\n\t\t\t\t\t<div class=\"elementor-button-wrapper\">\n\t\t\t<a href=\"https:\/\/nkef.eus\/wp-content\/uploads\/2020\/11\/Viernes-27-de-noviembre-de-2020.pdf\" class=\"elementor-button-link elementor-button elementor-size-sm\" role=\"button\">\n\t\t\t\t\t\t<span class=\"elementor-button-content-wrapper\">\n\t\t\t\t\t\t<span class=\"elementor-button-text\">P\u00e1gina Semanal Mundo Deportivo Del Pa\u00eds Vasco - 27 Noviembre 2020.<\/span>\n\t\t<\/span>\n\t\t\t\t\t<\/a>\n\t\t<\/div>\n\t\t\t\t<\/div>\n\t\t\t\t<\/div>\n\t\t\t\t<div class=\"elementor-element elementor-element-93cc292 elementor-widget-divider--view-line elementor-widget elementor-widget-divider\" data-id=\"93cc292\" data-element_type=\"widget\" data-widget_type=\"divider.default\">\n\t\t\t\t<div class=\"elementor-widget-container\">\n\t\t\t\t\t<div class=\"elementor-divider\">\n\t\t\t<span class=\"elementor-divider-separator\">\n\t\t\t\t\t\t<\/span>\n\t\t<\/div>\n\t\t\t\t<\/div>\n\t\t\t\t<\/div>\n\t\t\t\t\t\t<\/div>\n\t\t\t\t\t<\/div>\n\t\t<\/div>\n\t\t\t\t\t\t\t\t<\/div>\n\t\t\t\t\t<\/div>\n\t\t<\/section>\n\t\t\t\t\t\t\t\t\t<\/div>\n\t\t\t<\/div>\n\t\t\t\t\t<\/div>\n\t\t","protected":false},"excerpt":{"rendered":"<p>LAS ASOCIACIONES DE FEDERACIONES DEPORTIVAS DE EUSKADI SOLICITAN LA REANUDACI\u00d3N DE LA ACTIVIDAD ESCOLAR OFICIAL Y FEDERADA. Las cuatro Uniones de Federaciones deportivas (Uni\u00f3n de Federaciones Deportivas Vascas EKFB-UFDV, Asociaci\u00f3n de Federaciones Deportivas de \u00c1lava A.F.D.A., Asociaci\u00f3n de Federaciones Deportivas de Bizkaia ASFEDEBI y Asociaci\u00f3n de Federaciones Deportivas de Gipuzkoa AFEDEGI) solicitan la autorizaci\u00f3n de [&hellip;]<\/p>\n","protected":false},"author":3,"featured_media":2209,"comment_status":"closed","ping_status":"closed","sticky":false,"template":"elementor_header_footer","format":"standard","meta":[],"categories":[15],"tags":[],"_links":{"self":[{"href":"https:\/\/nkef.eus\/es_es\/index.php\/wp-json\/wp\/v2\/posts\/2205"}],"collection":[{"href":"https:\/\/nkef.eus\/es_es\/index.php\/wp-json\/wp\/v2\/posts"}],"about":[{"href":"https:\/\/nkef.eus\/es_es\/index.php\/wp-json\/wp\/v2\/types\/post"}],"author":[{"embeddable":true,"href":"https:\/\/nkef.eus\/es_es\/index.php\/wp-json\/wp\/v2\/users\/3"}],"replies":[{"embeddable":true,"href":"https:\/\/nkef.eus\/es_es\/index.php\/wp-json\/wp\/v2\/comments?post=2205"}],"version-history":[{"count":7,"href":"https:\/\/nkef.eus\/es_es\/index.php\/wp-json\/wp\/v2\/posts\/2205\/revisions"}],"predecessor-version":[{"id":2295,"href":"https:\/\/nkef.eus\/es_es\/index.php\/wp-json\/wp\/v2\/posts\/2205\/revisions\/2295"}],"wp:featuredmedia":[{"embeddable":true,"href":"https:\/\/nkef.eus\/es_es\/index.php\/wp-json\/wp\/v2\/media\/2209"}],"wp:attachment":[{"href":"https:\/\/nkef.eus\/es_es\/index.php\/wp-json\/wp\/v2\/media?parent=2205"}],"wp:term":[{"taxonomy":"category","embeddable":true,"href":"https:\/\/nkef.eus\/es_es\/index.php\/wp-json\/wp\/v2\/categories?post=2205"},{"taxonomy":"post_tag","embeddable":true,"href":"https:\/\/nkef.eus\/es_es\/index.php\/wp-json\/wp\/v2\/tags?post=2205"}],"curies":[{"name":"wp","href":"https:\/\/api.w.org\/{rel}","templated":true}]}}