{"id":2170,"date":"2020-11-23T12:20:36","date_gmt":"2020-11-23T12:20:36","guid":{"rendered":"https:\/\/nkef.eus\/?p=2170"},"modified":"2020-11-23T12:27:07","modified_gmt":"2020-11-23T12:27:07","slug":"peio-anarbe-la-promesa-alavesa-en-esqui-de-fondo-y-rollerski","status":"publish","type":"post","link":"https:\/\/nkef.eus\/es_es\/index.php\/2020\/11\/23\/peio-anarbe-la-promesa-alavesa-en-esqui-de-fondo-y-rollerski\/","title":{"rendered":"Peio A\u00f1arbe: La Promesa Alavesa En Esqu\u00ed De Fondo y Rollerski"},"content":{"rendered":"\t\t<div data-elementor-type=\"wp-post\" data-elementor-id=\"2170\" class=\"elementor elementor-2170\">\n\t\t\t\t\t\t<div class=\"elementor-inner\">\n\t\t\t\t<div class=\"elementor-section-wrap\">\n\t\t\t\t\t\t\t\t\t<section class=\"elementor-section elementor-top-section elementor-element elementor-element-604711d elementor-section-content-middle elementor-section-boxed elementor-section-height-default elementor-section-height-default\" data-id=\"604711d\" data-element_type=\"section\">\n\t\t\t\t\t\t<div class=\"elementor-container elementor-column-gap-no\">\n\t\t\t\t\t\t\t<div class=\"elementor-row\">\n\t\t\t\t\t<div class=\"elementor-column elementor-col-100 elementor-top-column elementor-element elementor-element-24d7e056\" data-id=\"24d7e056\" data-element_type=\"column\">\n\t\t\t<div class=\"elementor-column-wrap elementor-element-populated\">\n\t\t\t\t\t\t\t<div class=\"elementor-widget-wrap\">\n\t\t\t\t\t\t<div class=\"elementor-element elementor-element-1d1b78d2 elementor-widget elementor-widget-heading\" data-id=\"1d1b78d2\" data-element_type=\"widget\" data-widget_type=\"heading.default\">\n\t\t\t\t<div class=\"elementor-widget-container\">\n\t\t\t<h4 class=\"elementor-heading-title elementor-size-default\">Peio A\u00f1arbe: La Promesa Alavesa En Esqu\u00ed De Fondo y Rollerski<\/h4>\t\t<\/div>\n\t\t\t\t<\/div>\n\t\t\t\t<div class=\"elementor-element elementor-element-672bd11 elementor-widget elementor-widget-image\" data-id=\"672bd11\" data-element_type=\"widget\" data-widget_type=\"image.default\">\n\t\t\t\t<div class=\"elementor-widget-container\">\n\t\t\t\t\t\t\t\t<div class=\"elementor-image\">\n\t\t\t\t\t\t\t\t\t<figure class=\"wp-caption\">\n\t\t\t\t\t\t\t\t\t\t<img width=\"580\" height=\"387\" src=\"https:\/\/nkef.eus\/wp-content\/uploads\/2020\/11\/peio-anarbe-promesa-alava-esqui-879x586-1.jpg\" class=\"attachment-large size-large\" alt=\"\" loading=\"lazy\" srcset=\"https:\/\/nkef.eus\/wp-content\/uploads\/2020\/11\/peio-anarbe-promesa-alava-esqui-879x586-1.jpg 879w, https:\/\/nkef.eus\/wp-content\/uploads\/2020\/11\/peio-anarbe-promesa-alava-esqui-879x586-1-300x200.jpg 300w, https:\/\/nkef.eus\/wp-content\/uploads\/2020\/11\/peio-anarbe-promesa-alava-esqui-879x586-1-768x512.jpg 768w, https:\/\/nkef.eus\/wp-content\/uploads\/2020\/11\/peio-anarbe-promesa-alava-esqui-879x586-1-16x12.jpg 16w\" sizes=\"(max-width: 580px) 100vw, 580px\" \/>\t\t\t\t\t\t\t\t\t\t\t<figcaption class=\"widget-image-caption wp-caption-text\">NOTICIA GASTEIZ HOY \/  POR OIER BRAVO SABADO 21 NOVIEMBRE 2020.<\/figcaption>\n\t\t\t\t\t\t\t\t\t\t<\/figure>\n\t\t\t\t\t\t\t\t<\/div>\n\t\t\t\t\t\t<\/div>\n\t\t\t\t<\/div>\n\t\t\t\t<div class=\"elementor-element elementor-element-c96e971 elementor-widget elementor-widget-text-editor\" data-id=\"c96e971\" data-element_type=\"widget\" data-widget_type=\"text-editor.default\">\n\t\t\t\t<div class=\"elementor-widget-container\">\n\t\t\t\t\t\t\t\t<div class=\"elementor-text-editor elementor-clearfix\">\n\t\t\t\t<p style=\"text-align: center;\"><span style=\"text-decoration: underline;\"><span style=\"color: #000000; text-decoration: underline;\">A sus 14 a\u00f1os, el esquiador acumula muchas victorias nacionales e internacionales<\/span><\/span><\/p>\t\t\t\t\t<\/div>\n\t\t\t\t\t\t<\/div>\n\t\t\t\t<\/div>\n\t\t\t\t<div class=\"elementor-element elementor-element-6683c9a7 elementor-widget elementor-widget-text-editor\" data-id=\"6683c9a7\" data-element_type=\"widget\" data-widget_type=\"text-editor.default\">\n\t\t\t\t<div class=\"elementor-widget-container\">\n\t\t\t\t\t\t\t\t<div class=\"elementor-text-editor elementor-clearfix\">\n\t\t\t\t<p>La nieve es habitual en el invierno alav\u00e9s. Pero no es suficiente para practicar deportes de invierno. Muchas personas\u00a0<strong>se desplazan a otros lugares de la pen\u00ednsula para practicar esqu\u00ed o snowboard<\/strong>. Para ellas, el fin de semana es sin\u00f3nimo de coger el coche e irse a la nieve.<\/p><p>Es el caso del vitoriano\u00a0<strong>Peio A\u00f1arbe<\/strong>, que desde peque\u00f1o ha practicado esqu\u00ed de fondo.\u00a0Tan solo tiene\u00a0<strong>14 a\u00f1os<\/strong>, pero ya es una de las grandes promesas de este deporte. Sus grandes\u00a0<strong>victorias en carreras como Campeonatos de Espa\u00f1a<\/strong>\u00a0ya han llamado la atenci\u00f3n de varias marcas que est\u00e1n empezando a apostar por \u00e9l.<\/p><div id=\"attachment_145986\" class=\"wp-caption aligncenter\"><p id=\"caption-attachment-145986\" class=\"wp-caption-text\">El joven gasteiztarra ha vivido durante a\u00f1os en Vitoria, pero <strong>ahora se ha trasladado a Jaca<\/strong>, donde estudia y puede entrenar m\u00e1s f\u00e1cil. Ha ido all\u00ed con su padre, que tambi\u00e9n es su entrenador. \u201cPero a\u00fan as\u00ed\u00a0<strong>sigue compitiendo con la Federaci\u00f3n Vasca<\/strong>, el traslado a Arag\u00f3n no ha cambiado eso\u201d, reconoce su madre, Waleska Sig\u00fcenza. En invierno el vitoriano entrena sobre la nieve. Pero en los meses de m\u00e1s calor, practica otro deporte: el\u00a0<strong>rollereski<\/strong>.<\/p><\/div><h2><span style=\"text-decoration: underline;\"><span style=\"color: #000000; text-decoration: underline;\">Rollerski, la alternativa<\/span><\/span><\/h2><p>Esta disciplina naci\u00f3 como entrenamiento para cuando los practicantes de esqu\u00ed de fondo no pueden entrenar sobre la nieve.\u00a0<strong>Los rollerskis son unos esqu\u00eds con ruedas que permiten deslizarse por el asfalto con la misma t\u00e9cnica que el esqu\u00ed de fondo<\/strong>. Incluso los deportistas de alto nivel utilizan este deporte para mantenerse en forma. En temporada veraniega, muchos de ellos viajan a Canarias para entrenar.<\/p><p><strong>Peio A\u00f1arbe ha hecho rollerski durante varios a\u00f1os en nuestras carreteras<\/strong>. Cuando ten\u00eda que ascender pendiente, su entrenamiento era\u00a0<strong>subir a Zaldiaran<\/strong>. Sin embargo, cuando ten\u00eda que entrenar m\u00e1s su fondo f\u00edsico,\u00a0<strong>se iba a Margarita<\/strong>, lugar habitual de entrenamiento para los patinadores vitorianos. Esto le ha permitido destacar tambi\u00e9n en este deporte que tiene cada vez m\u00e1s aficionados.<\/p><div id=\"attachment_145987\" class=\"wp-caption aligncenter\"><p><img loading=\"lazy\" class=\"wp-image-145987 size-large\" title=\"peio-anarbe-promesa-alava-rolleresqui\" src=\"https:\/\/www.gasteizhoy.com\/wp-content\/uploads\/2020\/11\/peio-anarbe-promesa-alava-rolleresqui-879x629.jpg\" sizes=\"(max-width: 879px) 100vw, 879px\" srcset=\"https:\/\/www.gasteizhoy.com\/wp-content\/uploads\/2020\/11\/peio-anarbe-promesa-alava-rolleresqui-879x629.jpg 879w, https:\/\/www.gasteizhoy.com\/wp-content\/uploads\/2020\/11\/peio-anarbe-promesa-alava-rolleresqui-350x250.jpg 350w, https:\/\/www.gasteizhoy.com\/wp-content\/uploads\/2020\/11\/peio-anarbe-promesa-alava-rolleresqui-150x107.jpg 150w, https:\/\/www.gasteizhoy.com\/wp-content\/uploads\/2020\/11\/peio-anarbe-promesa-alava-rolleresqui-768x549.jpg 768w, https:\/\/www.gasteizhoy.com\/wp-content\/uploads\/2020\/11\/peio-anarbe-promesa-alava-rolleresqui.jpg 1212w\" alt=\"peio-anarbe-promesa-alava-rolleresqui\" width=\"879\" height=\"629\" aria-describedby=\"caption-attachment-145987\" \/><\/p><p id=\"caption-attachment-145987\" class=\"wp-caption-text\">Peio combina el esqu\u00ed de fondo y el rolleski desde hace muchos a\u00f1os<\/p><\/div><h2><span style=\"text-decoration: underline;\"><span style=\"color: #000000; text-decoration: underline;\">Gran palmar\u00e9s<\/span><\/span><\/h2><p>El palmar\u00e9s del joven esquiador es muy amplio para su edad: adem\u00e1s de ser\u00a0<strong>varias veces campe\u00f3n de Espa\u00f1a de esqu\u00ed de fondo<\/strong>, se ha llevado\u00a0<strong>dos medallas de oro y una de plata en el Skiri Trophy<\/strong>\u00a0(2015, 2018 y 2020). Esta carrera que se celebra anualmente en Italia es considerada el\u00a0<strong>mundial oficioso<\/strong>\u00a0de este deporte. Tiene, adem\u00e1s, varias victorias en otras carreras importantes del panorama nacional e internacional.<\/p><p>A esto hay que a\u00f1adir sus victorias en los campeonatos de Espa\u00f1a de rollerski. En total, ha sido\u00a0<strong>10 veces campe\u00f3n de Espa\u00f1a de Esqu\u00ed de Fondo y Rollerski<\/strong>. En octubre de 2020 se llevaba sus \u00faltimas victorias en las dos modalidades: cl\u00e1sica y \u2018skating\u2019. Ha ganado estos campeonatos siempre desde que participa, pero este a\u00f1o ha sido la gran sensaci\u00f3n: \u201cConsigui\u00f3 el\u00a0<strong>octavo puesto absoluto<\/strong>, por delante de esquiadores con mucha trayectoria\u201d, apunta Waleska.<\/p><p><strong>Varias marcas internacionales<\/strong>\u00a0del mundo del esqu\u00ed ya se han interesado por \u00e9l. A d\u00eda de hoy cuenta con tres patrocinadores importantes: la empresa\u00a0<strong>Mundo N\u00f3rdico FPK<\/strong>, que le da rollereskis de la marca\u00a0<strong>Nordeex<\/strong>; la italiana\u00a0<strong>Ski-Trab<\/strong>, que le facilita esqu\u00eds; y la compa\u00f1\u00eda suiza de bastones\u00a0<strong>KV+<\/strong>.<\/p><div id=\"attachment_145988\" class=\"wp-caption aligncenter\"><p><img loading=\"lazy\" class=\"wp-image-145988 size-large\" title=\"peio-anarbe-promesa-alava-rollereski\" src=\"https:\/\/www.gasteizhoy.com\/wp-content\/uploads\/2020\/11\/peio-anarbe-promesa-alava-rollereski-879x586.jpg\" sizes=\"(max-width: 879px) 100vw, 879px\" srcset=\"https:\/\/www.gasteizhoy.com\/wp-content\/uploads\/2020\/11\/peio-anarbe-promesa-alava-rollereski-879x586.jpg 879w, https:\/\/www.gasteizhoy.com\/wp-content\/uploads\/2020\/11\/peio-anarbe-promesa-alava-rollereski-350x233.jpg 350w, https:\/\/www.gasteizhoy.com\/wp-content\/uploads\/2020\/11\/peio-anarbe-promesa-alava-rollereski-150x100.jpg 150w, https:\/\/www.gasteizhoy.com\/wp-content\/uploads\/2020\/11\/peio-anarbe-promesa-alava-rollereski-768x512.jpg 768w, https:\/\/www.gasteizhoy.com\/wp-content\/uploads\/2020\/11\/peio-anarbe-promesa-alava-rollereski-300x200.jpg 300w, https:\/\/www.gasteizhoy.com\/wp-content\/uploads\/2020\/11\/peio-anarbe-promesa-alava-rollereski.jpg 1212w\" alt=\"peio-anarbe-promesa-alava-rollereski\" width=\"879\" height=\"586\" aria-describedby=\"caption-attachment-145988\" \/><\/p><p id=\"caption-attachment-145988\" class=\"wp-caption-text\">Peio A\u00f1arbe ha sido 10 veces campe\u00f3n de Espa\u00f1a de rollereski y esqu\u00ed de fondo<\/p><\/div><h2><span style=\"text-decoration: underline;\"><span style=\"color: #000000; text-decoration: underline;\">Problemas en Espa\u00f1a<\/span><\/span><\/h2><p>Pese al inter\u00e9s de estas marcas europeas,\u00a0<strong>a\u00fan no ha conseguido que ninguna marca espa\u00f1ola le apoye<\/strong>. \u201cA Peio\u00a0<strong>le valoran mucho m\u00e1s fuera que aqu\u00ed<\/strong>. A la hora de conseguir patrocinadores, hay marcas internacionales que han venido donde nosotros a ofrecerse en algunas carreras. Pero en Espa\u00f1a tenemos que andar detr\u00e1s de todo el mundo para conseguir que alguien quiera involucrarse\u201d, se queja su madre.<\/p><p>En cuanto al futuro, como en todos los \u00e1mbitos, la incertidumbre es muy grande para los pr\u00f3ximos meses: \u201cDe momento no sabemos qu\u00e9 vendr\u00e1. El Coronavirus lo ha parado casi todo\u201d, se lamenta Waleska Sig\u00fcenza. \u201c<strong>No hay noticias de cuando habr\u00e1 alguna carrera m\u00e1s<\/strong>, as\u00ed que de momento Peio tendr\u00e1 que seguir entrenando\u201d.<\/p>\t\t\t\t\t<\/div>\n\t\t\t\t\t\t<\/div>\n\t\t\t\t<\/div>\n\t\t\t\t\t\t<\/div>\n\t\t\t\t\t<\/div>\n\t\t<\/div>\n\t\t\t\t\t\t\t\t<\/div>\n\t\t\t\t\t<\/div>\n\t\t<\/section>\n\t\t\t\t\t\t\t\t\t<\/div>\n\t\t\t<\/div>\n\t\t\t\t\t<\/div>\n\t\t","protected":false},"excerpt":{"rendered":"<p>Peio A\u00f1arbe: La Promesa Alavesa En Esqu\u00ed De Fondo y Rollerski NOTICIA GASTEIZ HOY \/ POR OIER BRAVO SABADO 21 NOVIEMBRE 2020. A sus 14 a\u00f1os, el esquiador acumula muchas victorias nacionales e internacionales La nieve es habitual en el invierno alav\u00e9s. Pero no es suficiente para practicar deportes de invierno. Muchas personas\u00a0se desplazan a [&hellip;]<\/p>\n","protected":false},"author":3,"featured_media":2171,"comment_status":"closed","ping_status":"closed","sticky":false,"template":"elementor_header_footer","format":"standard","meta":[],"categories":[9],"tags":[],"_links":{"self":[{"href":"https:\/\/nkef.eus\/es_es\/index.php\/wp-json\/wp\/v2\/posts\/2170"}],"collection":[{"href":"https:\/\/nkef.eus\/es_es\/index.php\/wp-json\/wp\/v2\/posts"}],"about":[{"href":"https:\/\/nkef.eus\/es_es\/index.php\/wp-json\/wp\/v2\/types\/post"}],"author":[{"embeddable":true,"href":"https:\/\/nkef.eus\/es_es\/index.php\/wp-json\/wp\/v2\/users\/3"}],"replies":[{"embeddable":true,"href":"https:\/\/nkef.eus\/es_es\/index.php\/wp-json\/wp\/v2\/comments?post=2170"}],"version-history":[{"count":5,"href":"https:\/\/nkef.eus\/es_es\/index.php\/wp-json\/wp\/v2\/posts\/2170\/revisions"}],"predecessor-version":[{"id":2176,"href":"https:\/\/nkef.eus\/es_es\/index.php\/wp-json\/wp\/v2\/posts\/2170\/revisions\/2176"}],"wp:featuredmedia":[{"embeddable":true,"href":"https:\/\/nkef.eus\/es_es\/index.php\/wp-json\/wp\/v2\/media\/2171"}],"wp:attachment":[{"href":"https:\/\/nkef.eus\/es_es\/index.php\/wp-json\/wp\/v2\/media?parent=2170"}],"wp:term":[{"taxonomy":"category","embeddable":true,"href":"https:\/\/nkef.eus\/es_es\/index.php\/wp-json\/wp\/v2\/categories?post=2170"},{"taxonomy":"post_tag","embeddable":true,"href":"https:\/\/nkef.eus\/es_es\/index.php\/wp-json\/wp\/v2\/tags?post=2170"}],"curies":[{"name":"wp","href":"https:\/\/api.w.org\/{rel}","templated":true}]}}