{"id":2106,"date":"2020-11-16T09:33:36","date_gmt":"2020-11-16T09:33:36","guid":{"rendered":"https:\/\/nkef.eus\/?p=2106"},"modified":"2020-11-16T09:45:14","modified_gmt":"2020-11-16T09:45:14","slug":"oihane-otaegi-mikel-unanue-medalla-de-bronce-en-la-heracles-mixed-doubles-slovakia-cup","status":"publish","type":"post","link":"https:\/\/nkef.eus\/es_es\/index.php\/2020\/11\/16\/oihane-otaegi-mikel-unanue-medalla-de-bronce-en-la-heracles-mixed-doubles-slovakia-cup\/","title":{"rendered":"OIHANE OTAEGI\/MIKEL UNANUE MEDALLA DE BRONCE EN LA HERACLES MIXED DOUBLES SLOVAKIA CUP"},"content":{"rendered":"\t\t<div data-elementor-type=\"wp-post\" data-elementor-id=\"2106\" class=\"elementor elementor-2106\">\n\t\t\t\t\t\t<div class=\"elementor-inner\">\n\t\t\t\t<div class=\"elementor-section-wrap\">\n\t\t\t\t\t\t\t\t\t<section class=\"elementor-section elementor-top-section elementor-element elementor-element-7d2a33fd elementor-section-content-middle elementor-section-boxed elementor-section-height-default elementor-section-height-default\" data-id=\"7d2a33fd\" data-element_type=\"section\">\n\t\t\t\t\t\t<div class=\"elementor-container elementor-column-gap-no\">\n\t\t\t\t\t\t\t<div class=\"elementor-row\">\n\t\t\t\t\t<div class=\"elementor-column elementor-col-100 elementor-top-column elementor-element elementor-element-1ee4f876\" data-id=\"1ee4f876\" data-element_type=\"column\">\n\t\t\t<div class=\"elementor-column-wrap elementor-element-populated\">\n\t\t\t\t\t\t\t<div class=\"elementor-widget-wrap\">\n\t\t\t\t\t\t<div class=\"elementor-element elementor-element-31793c9e elementor-widget elementor-widget-heading\" data-id=\"31793c9e\" data-element_type=\"widget\" data-widget_type=\"heading.default\">\n\t\t\t\t<div class=\"elementor-widget-container\">\n\t\t\t<h4 class=\"elementor-heading-title elementor-size-default\">OIHANE OTAEGI\/MIKEL UNANUE MEDALLA DE BRONCE EN LA HERACLES MIXED DOUBLES SLOVAKIA CUP<\/h4>\t\t<\/div>\n\t\t\t\t<\/div>\n\t\t\t\t<div class=\"elementor-element elementor-element-86e766a elementor-widget elementor-widget-image\" data-id=\"86e766a\" data-element_type=\"widget\" data-widget_type=\"image.default\">\n\t\t\t\t<div class=\"elementor-widget-container\">\n\t\t\t\t\t\t\t\t<div class=\"elementor-image\">\n\t\t\t\t\t\t\t\t\t\t\t\t<img width=\"580\" height=\"580\" src=\"https:\/\/nkef.eus\/wp-content\/uploads\/2020\/11\/f.jpg\" class=\"attachment-large size-large\" alt=\"\" loading=\"lazy\" srcset=\"https:\/\/nkef.eus\/wp-content\/uploads\/2020\/11\/f.jpg 948w, https:\/\/nkef.eus\/wp-content\/uploads\/2020\/11\/f-300x300.jpg 300w, https:\/\/nkef.eus\/wp-content\/uploads\/2020\/11\/f-150x150.jpg 150w, https:\/\/nkef.eus\/wp-content\/uploads\/2020\/11\/f-768x768.jpg 768w, https:\/\/nkef.eus\/wp-content\/uploads\/2020\/11\/f-12x12.jpg 12w\" sizes=\"(max-width: 580px) 100vw, 580px\" \/>\t\t\t\t\t\t\t\t\t\t\t\t\t\t<\/div>\n\t\t\t\t\t\t<\/div>\n\t\t\t\t<\/div>\n\t\t\t\t<div class=\"elementor-element elementor-element-d020179 elementor-widget-divider--view-line elementor-widget elementor-widget-divider\" data-id=\"d020179\" data-element_type=\"widget\" data-widget_type=\"divider.default\">\n\t\t\t\t<div class=\"elementor-widget-container\">\n\t\t\t\t\t<div class=\"elementor-divider\">\n\t\t\t<span class=\"elementor-divider-separator\">\n\t\t\t\t\t\t<\/span>\n\t\t<\/div>\n\t\t\t\t<\/div>\n\t\t\t\t<\/div>\n\t\t\t\t<div class=\"elementor-element elementor-element-3311f441 elementor-widget elementor-widget-text-editor\" data-id=\"3311f441\" data-element_type=\"widget\" data-widget_type=\"text-editor.default\">\n\t\t\t\t<div class=\"elementor-widget-container\">\n\t\t\t\t\t\t\t\t<div class=\"elementor-text-editor elementor-clearfix\">\n\t\t\t\t<p>La pareja donostiarra despu\u00e9s de muchos entrenamientos y dificultades para volver a competir en un torneo del World Tour por f\u00edn han visto un poco de luz al final del t\u00fanel y consiguen en su primera prueba internacional de la temporada una meritoria medalla de bronce.<\/p><p>Oihane y Mikel han realizado un torneo impecable logrando llegar a las semifinales donde han ca\u00eddo derrotados ante la pareja Paulova\/Paul que a la postre serian los vencedores del torneo.<\/p><p>En la final de consolaci\u00f3n y luchando por la medalla de bronce se han enfrentado y derrotado a la pareja Makovnikova\/Gallo.<\/p>\t\t\t\t\t<\/div>\n\t\t\t\t\t\t<\/div>\n\t\t\t\t<\/div>\n\t\t\t\t<div class=\"elementor-element elementor-element-3af510c elementor-widget-divider--view-line elementor-widget elementor-widget-divider\" data-id=\"3af510c\" data-element_type=\"widget\" data-widget_type=\"divider.default\">\n\t\t\t\t<div class=\"elementor-widget-container\">\n\t\t\t\t\t<div class=\"elementor-divider\">\n\t\t\t<span class=\"elementor-divider-separator\">\n\t\t\t\t\t\t<\/span>\n\t\t<\/div>\n\t\t\t\t<\/div>\n\t\t\t\t<\/div>\n\t\t\t\t<div class=\"elementor-element elementor-element-7a45a0f elementor-widget elementor-widget-text-editor\" data-id=\"7a45a0f\" data-element_type=\"widget\" data-widget_type=\"text-editor.default\">\n\t\t\t\t<div class=\"elementor-widget-container\">\n\t\t\t\t\t\t\t\t<div class=\"elementor-text-editor elementor-clearfix\">\n\t\t\t\t<p style=\"text-align: center;\"><strong><span style=\"color: #000000;\">Galer\u00eda De Fotos.<\/span><\/strong><\/p>\t\t\t\t\t<\/div>\n\t\t\t\t\t\t<\/div>\n\t\t\t\t<\/div>\n\t\t\t\t<div class=\"elementor-element elementor-element-3abf6b1 elementor-widget elementor-widget-image-gallery\" data-id=\"3abf6b1\" data-element_type=\"widget\" data-widget_type=\"image-gallery.default\">\n\t\t\t\t<div class=\"elementor-widget-container\">\n\t\t\t\t\t<div class=\"elementor-image-gallery\">\n\t\t\t<div id='gallery-1' class='gallery galleryid-2106 gallery-columns-3 gallery-size-thumbnail'><figure class='gallery-item'>\n\t\t\t<div class='gallery-icon portrait'>\n\t\t\t\t<a data-elementor-open-lightbox=\"yes\" data-elementor-lightbox-slideshow=\"3abf6b1\" data-elementor-lightbox-title=\"1\" e-action-hash=\"#elementor-action%3Aaction%3Dlightbox%26settings%3DeyJpZCI6MjEwNywidXJsIjoiaHR0cHM6XC9cL25rZWYuZXVzXC93cC1jb250ZW50XC91cGxvYWRzXC8yMDIwXC8xMVwvMS5qcGciLCJzbGlkZXNob3ciOiIzYWJmNmIxIn0%3D\" href='https:\/\/nkef.eus\/wp-content\/uploads\/2020\/11\/1.jpg'><img width=\"150\" height=\"150\" src=\"https:\/\/nkef.eus\/wp-content\/uploads\/2020\/11\/1-150x150.jpg\" class=\"attachment-thumbnail size-thumbnail\" alt=\"\" loading=\"lazy\" \/><\/a>\n\t\t\t<\/div><\/figure><figure class='gallery-item'>\n\t\t\t<div class='gallery-icon landscape'>\n\t\t\t\t<a data-elementor-open-lightbox=\"yes\" data-elementor-lightbox-slideshow=\"3abf6b1\" data-elementor-lightbox-title=\"2\" e-action-hash=\"#elementor-action%3Aaction%3Dlightbox%26settings%3DeyJpZCI6MjEwOCwidXJsIjoiaHR0cHM6XC9cL25rZWYuZXVzXC93cC1jb250ZW50XC91cGxvYWRzXC8yMDIwXC8xMVwvMi5qcGciLCJzbGlkZXNob3ciOiIzYWJmNmIxIn0%3D\" href='https:\/\/nkef.eus\/wp-content\/uploads\/2020\/11\/2.jpg'><img width=\"150\" height=\"150\" src=\"https:\/\/nkef.eus\/wp-content\/uploads\/2020\/11\/2-150x150.jpg\" class=\"attachment-thumbnail size-thumbnail\" alt=\"\" loading=\"lazy\" \/><\/a>\n\t\t\t<\/div><\/figure><figure class='gallery-item'>\n\t\t\t<div class='gallery-icon landscape'>\n\t\t\t\t<a data-elementor-open-lightbox=\"yes\" data-elementor-lightbox-slideshow=\"3abf6b1\" data-elementor-lightbox-title=\"3\" e-action-hash=\"#elementor-action%3Aaction%3Dlightbox%26settings%3DeyJpZCI6MjEwOSwidXJsIjoiaHR0cHM6XC9cL25rZWYuZXVzXC93cC1jb250ZW50XC91cGxvYWRzXC8yMDIwXC8xMVwvMy5qcGciLCJzbGlkZXNob3ciOiIzYWJmNmIxIn0%3D\" href='https:\/\/nkef.eus\/wp-content\/uploads\/2020\/11\/3.jpg'><img width=\"150\" height=\"150\" src=\"https:\/\/nkef.eus\/wp-content\/uploads\/2020\/11\/3-150x150.jpg\" class=\"attachment-thumbnail size-thumbnail\" alt=\"\" loading=\"lazy\" \/><\/a>\n\t\t\t<\/div><\/figure>\n\t\t<\/div>\n\t\t<\/div>\n\t\t\t\t<\/div>\n\t\t\t\t<\/div>\n\t\t\t\t\t\t<\/div>\n\t\t\t\t\t<\/div>\n\t\t<\/div>\n\t\t\t\t\t\t\t\t<\/div>\n\t\t\t\t\t<\/div>\n\t\t<\/section>\n\t\t\t\t\t\t\t\t\t<\/div>\n\t\t\t<\/div>\n\t\t\t\t\t<\/div>\n\t\t","protected":false},"excerpt":{"rendered":"<p>OIHANE OTAEGI\/MIKEL UNANUE MEDALLA DE BRONCE EN LA HERACLES MIXED DOUBLES SLOVAKIA CUP La pareja donostiarra despu\u00e9s de muchos entrenamientos y dificultades para volver a competir en un torneo del World Tour por f\u00edn han visto un poco de luz al final del t\u00fanel y consiguen en su primera prueba internacional de la temporada una [&hellip;]<\/p>\n","protected":false},"author":3,"featured_media":2110,"comment_status":"closed","ping_status":"closed","sticky":false,"template":"elementor_header_footer","format":"standard","meta":[],"categories":[8],"tags":[],"_links":{"self":[{"href":"https:\/\/nkef.eus\/es_es\/index.php\/wp-json\/wp\/v2\/posts\/2106"}],"collection":[{"href":"https:\/\/nkef.eus\/es_es\/index.php\/wp-json\/wp\/v2\/posts"}],"about":[{"href":"https:\/\/nkef.eus\/es_es\/index.php\/wp-json\/wp\/v2\/types\/post"}],"author":[{"embeddable":true,"href":"https:\/\/nkef.eus\/es_es\/index.php\/wp-json\/wp\/v2\/users\/3"}],"replies":[{"embeddable":true,"href":"https:\/\/nkef.eus\/es_es\/index.php\/wp-json\/wp\/v2\/comments?post=2106"}],"version-history":[{"count":3,"href":"https:\/\/nkef.eus\/es_es\/index.php\/wp-json\/wp\/v2\/posts\/2106\/revisions"}],"predecessor-version":[{"id":2113,"href":"https:\/\/nkef.eus\/es_es\/index.php\/wp-json\/wp\/v2\/posts\/2106\/revisions\/2113"}],"wp:featuredmedia":[{"embeddable":true,"href":"https:\/\/nkef.eus\/es_es\/index.php\/wp-json\/wp\/v2\/media\/2110"}],"wp:attachment":[{"href":"https:\/\/nkef.eus\/es_es\/index.php\/wp-json\/wp\/v2\/media?parent=2106"}],"wp:term":[{"taxonomy":"category","embeddable":true,"href":"https:\/\/nkef.eus\/es_es\/index.php\/wp-json\/wp\/v2\/categories?post=2106"},{"taxonomy":"post_tag","embeddable":true,"href":"https:\/\/nkef.eus\/es_es\/index.php\/wp-json\/wp\/v2\/tags?post=2106"}],"curies":[{"name":"wp","href":"https:\/\/api.w.org\/{rel}","templated":true}]}}