{"id":2050,"date":"2020-11-12T15:03:49","date_gmt":"2020-11-12T15:03:49","guid":{"rendered":"https:\/\/nkef.eus\/?p=2050"},"modified":"2020-11-12T15:50:48","modified_gmt":"2020-11-12T15:50:48","slug":"iv-gala-de-los-deportes-de-la-nieve","status":"publish","type":"post","link":"https:\/\/nkef.eus\/es_es\/index.php\/2020\/11\/12\/iv-gala-de-los-deportes-de-la-nieve\/","title":{"rendered":"IV  PREMIOS NACIONALES DE LOS DEPORTES DE NIEVE"},"content":{"rendered":"\t\t<div data-elementor-type=\"wp-post\" data-elementor-id=\"2050\" class=\"elementor elementor-2050\">\n\t\t\t\t\t\t<div class=\"elementor-inner\">\n\t\t\t\t<div class=\"elementor-section-wrap\">\n\t\t\t\t\t\t\t\t\t<section class=\"elementor-section elementor-top-section elementor-element elementor-element-1b0caeb4 elementor-section-content-middle elementor-section-boxed elementor-section-height-default elementor-section-height-default\" data-id=\"1b0caeb4\" data-element_type=\"section\">\n\t\t\t\t\t\t<div class=\"elementor-container elementor-column-gap-no\">\n\t\t\t\t\t\t\t<div class=\"elementor-row\">\n\t\t\t\t\t<div class=\"elementor-column elementor-col-100 elementor-top-column elementor-element elementor-element-55ab345d\" data-id=\"55ab345d\" data-element_type=\"column\">\n\t\t\t<div class=\"elementor-column-wrap elementor-element-populated\">\n\t\t\t\t\t\t\t<div class=\"elementor-widget-wrap\">\n\t\t\t\t\t\t<div class=\"elementor-element elementor-element-351bb20a elementor-widget elementor-widget-heading\" data-id=\"351bb20a\" data-element_type=\"widget\" data-widget_type=\"heading.default\">\n\t\t\t\t<div class=\"elementor-widget-container\">\n\t\t\t<h4 class=\"elementor-heading-title elementor-size-default\">IV PREMIOS NACIONALES DE LOS DEPORTES DE NIEVE.<\/h4>\t\t<\/div>\n\t\t\t\t<\/div>\n\t\t\t\t<div class=\"elementor-element elementor-element-76f6509 elementor-widget elementor-widget-image\" data-id=\"76f6509\" data-element_type=\"widget\" data-widget_type=\"image.default\">\n\t\t\t\t<div class=\"elementor-widget-container\">\n\t\t\t\t\t\t\t\t<div class=\"elementor-image\">\n\t\t\t\t\t\t\t\t\t\t\t\t<img width=\"580\" height=\"386\" src=\"https:\/\/nkef.eus\/wp-content\/uploads\/2020\/11\/RFEDI-Gala-Deportes-Nieve-1024x682.jpeg\" class=\"attachment-large size-large\" alt=\"\" loading=\"lazy\" srcset=\"https:\/\/nkef.eus\/wp-content\/uploads\/2020\/11\/RFEDI-Gala-Deportes-Nieve-1024x682.jpeg 1024w, https:\/\/nkef.eus\/wp-content\/uploads\/2020\/11\/RFEDI-Gala-Deportes-Nieve-300x200.jpeg 300w, https:\/\/nkef.eus\/wp-content\/uploads\/2020\/11\/RFEDI-Gala-Deportes-Nieve-768x512.jpeg 768w, https:\/\/nkef.eus\/wp-content\/uploads\/2020\/11\/RFEDI-Gala-Deportes-Nieve-1536x1023.jpeg 1536w, https:\/\/nkef.eus\/wp-content\/uploads\/2020\/11\/RFEDI-Gala-Deportes-Nieve-16x12.jpeg 16w, https:\/\/nkef.eus\/wp-content\/uploads\/2020\/11\/RFEDI-Gala-Deportes-Nieve.jpeg 1600w\" sizes=\"(max-width: 580px) 100vw, 580px\" \/>\t\t\t\t\t\t\t\t\t\t\t\t\t\t<\/div>\n\t\t\t\t\t\t<\/div>\n\t\t\t\t<\/div>\n\t\t\t\t<div class=\"elementor-element elementor-element-4cdb5b9 elementor-widget-divider--view-line elementor-widget elementor-widget-divider\" data-id=\"4cdb5b9\" data-element_type=\"widget\" data-widget_type=\"divider.default\">\n\t\t\t\t<div class=\"elementor-widget-container\">\n\t\t\t\t\t<div class=\"elementor-divider\">\n\t\t\t<span class=\"elementor-divider-separator\">\n\t\t\t\t\t\t<\/span>\n\t\t<\/div>\n\t\t\t\t<\/div>\n\t\t\t\t<\/div>\n\t\t\t\t<div class=\"elementor-element elementor-element-69010802 elementor-widget elementor-widget-text-editor\" data-id=\"69010802\" data-element_type=\"widget\" data-widget_type=\"text-editor.default\">\n\t\t\t\t<div class=\"elementor-widget-container\">\n\t\t\t\t\t\t\t\t<div class=\"elementor-text-editor elementor-clearfix\">\n\t\t\t\t<p style=\"text-align: center;\"><span style=\"color: #000000;\">Los IV Premios Nacionales de los Deportes de Nieve se entregar\u00e1n el viernes 13 de noviembre durante la IV GALA DE LOS DEPORTES DE LA NIEVE<\/span><\/p><p style=\"text-align: center;\"><br \/>La Gala se celebrar\u00e1 en Madrid SnowZone donde <span style=\"color: #000000;\">RFEDI y ATUDEM<\/span> presentar\u00e1n las novedades, inversiones, calendarios de eventos y competiciones de la temporada 2020\/21<br \/>La <span style=\"color: #000000;\">RFEDI<\/span>, en colaboraci\u00f3n con<span style=\"color: #000000;\"> Madrid SnowZone<\/span>, entregar\u00e1 diez galardones a los mejores deportistas, personalidades y entidades m\u00e1s destacadas por sus m\u00e9ritos y contribuci\u00f3n durante la temporada pasada<br \/>El pr\u00f3ximo viernes 13 de noviembre a las 10:30h, la Real Federaci\u00f3n Espa\u00f1ola Deportes de Invierno <span style=\"color: #000000;\">(RFEDI)<\/span> y la Asociaci\u00f3n de Estaciones de Esqu\u00ed y Monta\u00f1a de Espa\u00f1a (<span style=\"color: #000000;\">ATUDEM<\/span>) presentar\u00e1n, en el marco de la IV Gala en honor a los deportes de la nieve que se celebrar\u00e1 semi presencialmente en las instalaciones de Madrid SnowZone, la temporada invernal 2020-2021.<br \/>En la gala se presentar\u00e1n las novedades, inversiones, calendarios de eventos y competiciones de la RFEDI y ATUDEM. Junto a esto, se har\u00e1 entrega de los <span style=\"color: #000000;\">IV PREMIOS NACIONALES DE LOS DEPORTES DE<\/span> <span style=\"color: #000000;\">NIEVE<\/span> a los mejores deportistas, personalidades y entidades m\u00e1s destacadas por sus m\u00e9ritos y contribuci\u00f3n durante la temporada pasada.<br \/>Todo esto est\u00e1 previsto para servir de anticipaci\u00f3n al evento deportivo del calendario RFEDI que se disputar\u00e1 en Madrid SnowZone durante el fin de semana: <span style=\"color: #000000;\">VI Trofeo SPAINSNOW apertura de la COPA de ESPA\u00d1A de Esqu\u00ed Alpino.<\/span><br \/>\u201cEste a\u00f1o es m\u00e1s necesario que nunca aunar fuerzas entre todas las instituciones y organismos que contribuyen a la visibilidad de los deportes de nieve\u201d, afirma May Peus, Presidente de la RFEDI. En honor a esta uni\u00f3n, se enmarca la presentaci\u00f3n oficial de la temporada anual de la nieve 2020\/2021 para las estaciones y el sector tur\u00edstico.<br \/>Este a\u00f1o, debido a la situaci\u00f3n sanitaria, la organizaci\u00f3n ha decidido priorizar la realizaci\u00f3n del evento v\u00eda streaming que <span style=\"color: #000000;\">se podr\u00e1 visualizar en el canal Youtube de la RFEDI https:\/\/www.youtube.com\/user\/rfedinvierno<\/span><br \/>Del mismo modo, se ha elaborado un estricto protocolo de higiene para asegurar las medidas sanitarias que recomiendan las autoridades.<br \/>Con todo esto, las entidades organizadoras quieren poner en valor personas, clubes, instituciones y fundaciones que tambi\u00e9n promueven la inclusi\u00f3n en el sector. Por eso, los diez galardones, cuyos ganadores se dar\u00e1n a conocer en el acto, que se otorgar\u00e1n son:<\/p><p style=\"text-align: center;\">\u25cb<span style=\"color: #000000;\"> Premio Paquito Fern\u00e1ndez Ochoa<\/span>, al mejor deportista masculino de la temporada 2019\/2020 en funci\u00f3n del ranking mundial.<br \/>\u25cb <span style=\"color: #000000;\">Premio Mar\u00eda Jos\u00e9 Rienda,<\/span> a la mejor deportista femenina de la temporada 2019\/2020 en funci\u00f3n del ranking mundial.<\/p><p style=\"text-align: left;\">\u25cb <span style=\"color: #000000;\">Premio Carolina Ruiz<\/span>, al deportista con mayor proyecci\u00f3n de la temporada 2019\/2020.<br \/>\u25cb <span style=\"color: #000000;\">Premio Blanca Fern\u00e1ndez Ochoa<\/span> \u2013 Mujer y Nieve, a la persona o entidad que m\u00e1s se haya distinguido en la promoci\u00f3n del papel de la mujer en la nieve 2018\/19.<br \/>\u25cb <span style=\"color: #000000;\">Premio ATUDEM<\/span>, a la estaci\u00f3n de monta\u00f1a con mayor implicaci\u00f3n deportiva en la temporada 2019\/2020.<br \/>\u25cb <span style=\"color: #000000;\">Premio Comunicaci\u00f3n de Nieve<\/span>, por su apoyo a la comunicaci\u00f3n en los deportes de nieve en la temporada 2019\/2020.<\/p><p style=\"text-align: left;\">\u25cb <span style=\"color: #000000;\">Premio Israel Planas<\/span>, al mejor entrenador\/a de la temporada 2019\/2020.<br \/>\u25cb <span style=\"color: #000000;\">Premio INDUSTRIA de la NIEVE,<\/span> a la empresa con mayor involucraci\u00f3n en la promoci\u00f3n de los deportes de Nieve en la temporada 2019\/2020.<br \/>\u25cb <span style=\"color: #000000;\">Premio SPAINSNOW<\/span>, al club o FFAA con mayor proyecci\u00f3n en la temporada 2019\/2020.<br \/>\u25cb <span style=\"color: #000000;\">Premio SNOWZONE \u2018Snow4all\u2019<\/span>, a la persona o entidad que m\u00e1s se haya distinguido en la promoci\u00f3n de los deportes de nieve inclusivos 2019\/2020.<\/p>\t\t\t\t\t<\/div>\n\t\t\t\t\t\t<\/div>\n\t\t\t\t<\/div>\n\t\t\t\t\t\t<\/div>\n\t\t\t\t\t<\/div>\n\t\t<\/div>\n\t\t\t\t\t\t\t\t<\/div>\n\t\t\t\t\t<\/div>\n\t\t<\/section>\n\t\t\t\t\t\t\t\t\t<\/div>\n\t\t\t<\/div>\n\t\t\t\t\t<\/div>\n\t\t","protected":false},"excerpt":{"rendered":"<p>IV PREMIOS NACIONALES DE LOS DEPORTES DE NIEVE. Los IV Premios Nacionales de los Deportes de Nieve se entregar\u00e1n el viernes 13 de noviembre durante la IV GALA DE LOS DEPORTES DE LA NIEVE La Gala se celebrar\u00e1 en Madrid SnowZone donde RFEDI y ATUDEM presentar\u00e1n las novedades, inversiones, calendarios de eventos y competiciones de [&hellip;]<\/p>\n","protected":false},"author":3,"featured_media":2051,"comment_status":"closed","ping_status":"closed","sticky":false,"template":"elementor_header_footer","format":"standard","meta":[],"categories":[15],"tags":[],"_links":{"self":[{"href":"https:\/\/nkef.eus\/es_es\/index.php\/wp-json\/wp\/v2\/posts\/2050"}],"collection":[{"href":"https:\/\/nkef.eus\/es_es\/index.php\/wp-json\/wp\/v2\/posts"}],"about":[{"href":"https:\/\/nkef.eus\/es_es\/index.php\/wp-json\/wp\/v2\/types\/post"}],"author":[{"embeddable":true,"href":"https:\/\/nkef.eus\/es_es\/index.php\/wp-json\/wp\/v2\/users\/3"}],"replies":[{"embeddable":true,"href":"https:\/\/nkef.eus\/es_es\/index.php\/wp-json\/wp\/v2\/comments?post=2050"}],"version-history":[{"count":11,"href":"https:\/\/nkef.eus\/es_es\/index.php\/wp-json\/wp\/v2\/posts\/2050\/revisions"}],"predecessor-version":[{"id":2063,"href":"https:\/\/nkef.eus\/es_es\/index.php\/wp-json\/wp\/v2\/posts\/2050\/revisions\/2063"}],"wp:featuredmedia":[{"embeddable":true,"href":"https:\/\/nkef.eus\/es_es\/index.php\/wp-json\/wp\/v2\/media\/2051"}],"wp:attachment":[{"href":"https:\/\/nkef.eus\/es_es\/index.php\/wp-json\/wp\/v2\/media?parent=2050"}],"wp:term":[{"taxonomy":"category","embeddable":true,"href":"https:\/\/nkef.eus\/es_es\/index.php\/wp-json\/wp\/v2\/categories?post=2050"},{"taxonomy":"post_tag","embeddable":true,"href":"https:\/\/nkef.eus\/es_es\/index.php\/wp-json\/wp\/v2\/tags?post=2050"}],"curies":[{"name":"wp","href":"https:\/\/api.w.org\/{rel}","templated":true}]}}