{"id":1994,"date":"2020-11-06T11:38:18","date_gmt":"2020-11-06T11:38:18","guid":{"rendered":"https:\/\/nkef.eus\/?p=1994"},"modified":"2020-11-06T11:46:43","modified_gmt":"2020-11-06T11:46:43","slug":"chh-txuri-urdin-y-ch-jaca-disputaran-el-domingo-dia-8-su-partido-aplazado-correspondiente-a-la-segunda-jornada-de-la-fase-regular-de-la-lnhh","status":"publish","type":"post","link":"https:\/\/nkef.eus\/es_es\/index.php\/2020\/11\/06\/chh-txuri-urdin-y-ch-jaca-disputaran-el-domingo-dia-8-su-partido-aplazado-correspondiente-a-la-segunda-jornada-de-la-fase-regular-de-la-lnhh\/","title":{"rendered":"CHH TXURI URDIN Y CH JACA DISPUTARAN EL DOMINGO D\u00cdA 8 SU PARTIDO APLAZADO CORRESPONDIENTE A LA SEGUNDA JORNADA DE LA FASE REGULAR DE LA LNHH"},"content":{"rendered":"\t\t<div data-elementor-type=\"wp-post\" data-elementor-id=\"1994\" class=\"elementor elementor-1994\">\n\t\t\t\t\t\t<div class=\"elementor-inner\">\n\t\t\t\t<div class=\"elementor-section-wrap\">\n\t\t\t\t\t\t\t\t\t<section class=\"elementor-section elementor-top-section elementor-element elementor-element-259c990f elementor-section-content-middle elementor-section-boxed elementor-section-height-default elementor-section-height-default\" data-id=\"259c990f\" data-element_type=\"section\">\n\t\t\t\t\t\t<div class=\"elementor-container elementor-column-gap-no\">\n\t\t\t\t\t\t\t<div class=\"elementor-row\">\n\t\t\t\t\t<div class=\"elementor-column elementor-col-100 elementor-top-column elementor-element elementor-element-4e85100c\" data-id=\"4e85100c\" data-element_type=\"column\">\n\t\t\t<div class=\"elementor-column-wrap elementor-element-populated\">\n\t\t\t\t\t\t\t<div class=\"elementor-widget-wrap\">\n\t\t\t\t\t\t<div class=\"elementor-element elementor-element-5369d71 elementor-widget elementor-widget-heading\" data-id=\"5369d71\" data-element_type=\"widget\" data-widget_type=\"heading.default\">\n\t\t\t\t<div class=\"elementor-widget-container\">\n\t\t\t<h4 class=\"elementor-heading-title elementor-size-default\">CHH TXURI URDIN Y CH JACA DISPUTARAN EL DOMINGO D\u00cdA 8 SU PARTIDO APLAZADO CORRESPONDIENTE A LA SEGUNDA JORNADA DE LA FASE REGULAR DE LA LNHH<\/h4>\t\t<\/div>\n\t\t\t\t<\/div>\n\t\t\t\t<div class=\"elementor-element elementor-element-810f9e4 elementor-widget elementor-widget-image\" data-id=\"810f9e4\" data-element_type=\"widget\" data-widget_type=\"image.default\">\n\t\t\t\t<div class=\"elementor-widget-container\">\n\t\t\t\t\t\t\t\t<div class=\"elementor-image\">\n\t\t\t\t\t\t\t\t\t<figure class=\"wp-caption\">\n\t\t\t\t\t\t\t\t\t\t<img width=\"580\" height=\"386\" src=\"https:\/\/nkef.eus\/wp-content\/uploads\/2020\/11\/FOTO-1024x681.jpg\" class=\"attachment-large size-large\" alt=\"\" loading=\"lazy\" srcset=\"https:\/\/nkef.eus\/wp-content\/uploads\/2020\/11\/FOTO-1024x681.jpg 1024w, https:\/\/nkef.eus\/wp-content\/uploads\/2020\/11\/FOTO-300x199.jpg 300w, https:\/\/nkef.eus\/wp-content\/uploads\/2020\/11\/FOTO-768x511.jpg 768w, https:\/\/nkef.eus\/wp-content\/uploads\/2020\/11\/FOTO-16x12.jpg 16w, https:\/\/nkef.eus\/wp-content\/uploads\/2020\/11\/FOTO.jpg 1080w\" sizes=\"(max-width: 580px) 100vw, 580px\" \/>\t\t\t\t\t\t\t\t\t\t\t<figcaption class=\"widget-image-caption wp-caption-text\">CHH TXURI URDIN - CH JACA TEMPORADA 2019\/20<\/figcaption>\n\t\t\t\t\t\t\t\t\t\t<\/figure>\n\t\t\t\t\t\t\t\t<\/div>\n\t\t\t\t\t\t<\/div>\n\t\t\t\t<\/div>\n\t\t\t\t<div class=\"elementor-element elementor-element-2ef5588 elementor-widget-divider--view-line elementor-widget elementor-widget-divider\" data-id=\"2ef5588\" data-element_type=\"widget\" data-widget_type=\"divider.default\">\n\t\t\t\t<div class=\"elementor-widget-container\">\n\t\t\t\t\t<div class=\"elementor-divider\">\n\t\t\t<span class=\"elementor-divider-separator\">\n\t\t\t\t\t\t<\/span>\n\t\t<\/div>\n\t\t\t\t<\/div>\n\t\t\t\t<\/div>\n\t\t\t\t<div class=\"elementor-element elementor-element-72290740 elementor-widget elementor-widget-text-editor\" data-id=\"72290740\" data-element_type=\"widget\" data-widget_type=\"text-editor.default\">\n\t\t\t\t<div class=\"elementor-widget-container\">\n\t\t\t\t\t\t\t\t<div class=\"elementor-text-editor elementor-clearfix\">\n\t\t\t\t<p>Despu\u00e9s de lograr su primera victoria de la temporada 2020\/21 el pasado fin de semana contra el Bar\u00e7a Hockey Gel, el CHH Txuri Urdin, tendr\u00e1 la oportunidad de incrementar el n\u00famero de victorias en su casillero en su duelo contra el CH Jaca, partido aplazado en su momento y correspondiente a la segunda jornada de la fase regular de la Liga Nacional de Hockey Hielo.<\/p><p>El partido se disputar\u00e1 el Domingo d\u00eda 8 a las 15:00 Horas.<\/p>\t\t\t\t\t<\/div>\n\t\t\t\t\t\t<\/div>\n\t\t\t\t<\/div>\n\t\t\t\t\t\t<\/div>\n\t\t\t\t\t<\/div>\n\t\t<\/div>\n\t\t\t\t\t\t\t\t<\/div>\n\t\t\t\t\t<\/div>\n\t\t<\/section>\n\t\t\t\t\t\t\t\t\t<\/div>\n\t\t\t<\/div>\n\t\t\t\t\t<\/div>\n\t\t","protected":false},"excerpt":{"rendered":"<p>CHH TXURI URDIN Y CH JACA DISPUTARAN EL DOMINGO D\u00cdA 8 SU PARTIDO APLAZADO CORRESPONDIENTE A LA SEGUNDA JORNADA DE LA FASE REGULAR DE LA LNHH CHH TXURI URDIN &#8211; CH JACA TEMPORADA 2019\/20 Despu\u00e9s de lograr su primera victoria de la temporada 2020\/21 el pasado fin de semana contra el Bar\u00e7a Hockey Gel, el [&hellip;]<\/p>\n","protected":false},"author":3,"featured_media":1995,"comment_status":"closed","ping_status":"closed","sticky":false,"template":"elementor_header_footer","format":"standard","meta":[],"categories":[13],"tags":[],"_links":{"self":[{"href":"https:\/\/nkef.eus\/es_es\/index.php\/wp-json\/wp\/v2\/posts\/1994"}],"collection":[{"href":"https:\/\/nkef.eus\/es_es\/index.php\/wp-json\/wp\/v2\/posts"}],"about":[{"href":"https:\/\/nkef.eus\/es_es\/index.php\/wp-json\/wp\/v2\/types\/post"}],"author":[{"embeddable":true,"href":"https:\/\/nkef.eus\/es_es\/index.php\/wp-json\/wp\/v2\/users\/3"}],"replies":[{"embeddable":true,"href":"https:\/\/nkef.eus\/es_es\/index.php\/wp-json\/wp\/v2\/comments?post=1994"}],"version-history":[{"count":3,"href":"https:\/\/nkef.eus\/es_es\/index.php\/wp-json\/wp\/v2\/posts\/1994\/revisions"}],"predecessor-version":[{"id":1998,"href":"https:\/\/nkef.eus\/es_es\/index.php\/wp-json\/wp\/v2\/posts\/1994\/revisions\/1998"}],"wp:featuredmedia":[{"embeddable":true,"href":"https:\/\/nkef.eus\/es_es\/index.php\/wp-json\/wp\/v2\/media\/1995"}],"wp:attachment":[{"href":"https:\/\/nkef.eus\/es_es\/index.php\/wp-json\/wp\/v2\/media?parent=1994"}],"wp:term":[{"taxonomy":"category","embeddable":true,"href":"https:\/\/nkef.eus\/es_es\/index.php\/wp-json\/wp\/v2\/categories?post=1994"},{"taxonomy":"post_tag","embeddable":true,"href":"https:\/\/nkef.eus\/es_es\/index.php\/wp-json\/wp\/v2\/tags?post=1994"}],"curies":[{"name":"wp","href":"https:\/\/api.w.org\/{rel}","templated":true}]}}