{"id":1959,"date":"2020-11-02T10:30:33","date_gmt":"2020-11-02T10:30:33","guid":{"rendered":"https:\/\/nkef.eus\/?p=1959"},"modified":"2020-11-02T11:27:35","modified_gmt":"2020-11-02T11:27:35","slug":"el-chh-txuri-urdin-logra-su-primera-victoria-de-la-temporada-2020-21-en-la-lnhh","status":"publish","type":"post","link":"https:\/\/nkef.eus\/es_es\/index.php\/2020\/11\/02\/el-chh-txuri-urdin-logra-su-primera-victoria-de-la-temporada-2020-21-en-la-lnhh\/","title":{"rendered":"EL CHH TXURI URDIN LOGRA SU PRIMERA VICTORIA DE LA TEMPORADA 2020-21 EN LA LNHH"},"content":{"rendered":"\t\t<div data-elementor-type=\"wp-post\" data-elementor-id=\"1959\" class=\"elementor elementor-1959\">\n\t\t\t\t\t\t<div class=\"elementor-inner\">\n\t\t\t\t<div class=\"elementor-section-wrap\">\n\t\t\t\t\t\t\t\t\t<section class=\"elementor-section elementor-top-section elementor-element elementor-element-237a76b4 elementor-section-content-middle elementor-section-boxed elementor-section-height-default elementor-section-height-default\" data-id=\"237a76b4\" data-element_type=\"section\">\n\t\t\t\t\t\t<div class=\"elementor-container elementor-column-gap-no\">\n\t\t\t\t\t\t\t<div class=\"elementor-row\">\n\t\t\t\t\t<div class=\"elementor-column elementor-col-100 elementor-top-column elementor-element elementor-element-5a47bc47\" data-id=\"5a47bc47\" data-element_type=\"column\">\n\t\t\t<div class=\"elementor-column-wrap elementor-element-populated\">\n\t\t\t\t\t\t\t<div class=\"elementor-widget-wrap\">\n\t\t\t\t\t\t<div class=\"elementor-element elementor-element-42bcdf38 elementor-widget elementor-widget-heading\" data-id=\"42bcdf38\" data-element_type=\"widget\" data-widget_type=\"heading.default\">\n\t\t\t\t<div class=\"elementor-widget-container\">\n\t\t\t<h4 class=\"elementor-heading-title elementor-size-default\">EL CHH TXURI URDIN LOGRA SU PRIMERA VICTORIA DE LA TEMPORADA 2020-21 EN LA LNHH<\/h4>\t\t<\/div>\n\t\t\t\t<\/div>\n\t\t\t\t<div class=\"elementor-element elementor-element-356b955 elementor-widget-divider--view-line elementor-widget elementor-widget-divider\" data-id=\"356b955\" data-element_type=\"widget\" data-widget_type=\"divider.default\">\n\t\t\t\t<div class=\"elementor-widget-container\">\n\t\t\t\t\t<div class=\"elementor-divider\">\n\t\t\t<span class=\"elementor-divider-separator\">\n\t\t\t\t\t\t<\/span>\n\t\t<\/div>\n\t\t\t\t<\/div>\n\t\t\t\t<\/div>\n\t\t\t\t<div class=\"elementor-element elementor-element-16a3a99 elementor-widget elementor-widget-image\" data-id=\"16a3a99\" data-element_type=\"widget\" data-widget_type=\"image.default\">\n\t\t\t\t<div class=\"elementor-widget-container\">\n\t\t\t\t\t\t\t\t<div class=\"elementor-image\">\n\t\t\t\t\t\t\t\t\t<figure class=\"wp-caption\">\n\t\t\t\t\t\t\t\t\t\t<img width=\"580\" height=\"435\" src=\"https:\/\/nkef.eus\/wp-content\/uploads\/2020\/11\/FOTO1-1024x768.jpg\" class=\"attachment-large size-large\" alt=\"\" loading=\"lazy\" srcset=\"https:\/\/nkef.eus\/wp-content\/uploads\/2020\/11\/FOTO1-1024x768.jpg 1024w, https:\/\/nkef.eus\/wp-content\/uploads\/2020\/11\/FOTO1-300x225.jpg 300w, https:\/\/nkef.eus\/wp-content\/uploads\/2020\/11\/FOTO1-768x576.jpg 768w, https:\/\/nkef.eus\/wp-content\/uploads\/2020\/11\/FOTO1-1536x1152.jpg 1536w, https:\/\/nkef.eus\/wp-content\/uploads\/2020\/11\/FOTO1-16x12.jpg 16w, https:\/\/nkef.eus\/wp-content\/uploads\/2020\/11\/FOTO1.jpg 1600w\" sizes=\"(max-width: 580px) 100vw, 580px\" \/>\t\t\t\t\t\t\t\t\t\t\t<figcaption class=\"widget-image-caption wp-caption-text\">CHH Txuri Urdin - Bar\u00c7a Hockey Gel \/ 31-10-2020 \/Cr\u00e9ditos CHH Txuri Urdin<\/figcaption>\n\t\t\t\t\t\t\t\t\t\t<\/figure>\n\t\t\t\t\t\t\t\t<\/div>\n\t\t\t\t\t\t<\/div>\n\t\t\t\t<\/div>\n\t\t\t\t<div class=\"elementor-element elementor-element-24e4f468 elementor-widget elementor-widget-text-editor\" data-id=\"24e4f468\" data-element_type=\"widget\" data-widget_type=\"text-editor.default\">\n\t\t\t\t<div class=\"elementor-widget-container\">\n\t\t\t\t\t\t\t\t<div class=\"elementor-text-editor elementor-clearfix\">\n\t\t\t\t<p>El CHH Txuri Urdin disputaba el pasado S\u00e1bado su encuentro correspondiente a la Liga Nacional de Hockey Hielo contra el Bar\u00c7a Hockey Gel con la necesidad de conseguir la victoria despu\u00e9s de sufrir sendas derrotas en las dos primeras jornadas de la Liga Regular.\u00a0<\/p><p>Los jugadores de I\u00f1igo Domec, muy concentrados durante todo el partido han conseguido estar en todo momento por delante en el marcador con parciales de\u00a0 (1-0) (2-1) (1-1) consiguiendo\u00a0 al final del partido imponerse a un dif\u00edcil rival como es el Bar\u00c7a Hockey Gel (Campe\u00f3n de\u00a0 la liga Regular la temporada 2019-20) por (4-2).<\/p><p>Los goleadores del equipo Txuri Urdin han sido:<\/p><ul><li style=\"text-align: left;\">Imanol Lasuen<\/li><li style=\"text-align: left;\">Pablo Zaballa<\/li><li style=\"text-align: left;\">Patric Fuentes<\/li><li style=\"text-align: left;\">Juan Mu\u00f1oz<\/li><\/ul>\t\t\t\t\t<\/div>\n\t\t\t\t\t\t<\/div>\n\t\t\t\t<\/div>\n\t\t\t\t\t\t<\/div>\n\t\t\t\t\t<\/div>\n\t\t<\/div>\n\t\t\t\t\t\t\t\t<\/div>\n\t\t\t\t\t<\/div>\n\t\t<\/section>\n\t\t\t\t\t\t\t\t\t<\/div>\n\t\t\t<\/div>\n\t\t\t\t\t<\/div>\n\t\t","protected":false},"excerpt":{"rendered":"<p>EL CHH TXURI URDIN LOGRA SU PRIMERA VICTORIA DE LA TEMPORADA 2020-21 EN LA LNHH CHH Txuri Urdin &#8211; Bar\u00c7a Hockey Gel \/ 31-10-2020 \/Cr\u00e9ditos CHH Txuri Urdin El CHH Txuri Urdin disputaba el pasado S\u00e1bado su encuentro correspondiente a la Liga Nacional de Hockey Hielo contra el Bar\u00c7a Hockey Gel con la necesidad de [&hellip;]<\/p>\n","protected":false},"author":3,"featured_media":1960,"comment_status":"closed","ping_status":"closed","sticky":false,"template":"elementor_header_footer","format":"standard","meta":[],"categories":[13],"tags":[],"_links":{"self":[{"href":"https:\/\/nkef.eus\/es_es\/index.php\/wp-json\/wp\/v2\/posts\/1959"}],"collection":[{"href":"https:\/\/nkef.eus\/es_es\/index.php\/wp-json\/wp\/v2\/posts"}],"about":[{"href":"https:\/\/nkef.eus\/es_es\/index.php\/wp-json\/wp\/v2\/types\/post"}],"author":[{"embeddable":true,"href":"https:\/\/nkef.eus\/es_es\/index.php\/wp-json\/wp\/v2\/users\/3"}],"replies":[{"embeddable":true,"href":"https:\/\/nkef.eus\/es_es\/index.php\/wp-json\/wp\/v2\/comments?post=1959"}],"version-history":[{"count":5,"href":"https:\/\/nkef.eus\/es_es\/index.php\/wp-json\/wp\/v2\/posts\/1959\/revisions"}],"predecessor-version":[{"id":1966,"href":"https:\/\/nkef.eus\/es_es\/index.php\/wp-json\/wp\/v2\/posts\/1959\/revisions\/1966"}],"wp:featuredmedia":[{"embeddable":true,"href":"https:\/\/nkef.eus\/es_es\/index.php\/wp-json\/wp\/v2\/media\/1960"}],"wp:attachment":[{"href":"https:\/\/nkef.eus\/es_es\/index.php\/wp-json\/wp\/v2\/media?parent=1959"}],"wp:term":[{"taxonomy":"category","embeddable":true,"href":"https:\/\/nkef.eus\/es_es\/index.php\/wp-json\/wp\/v2\/categories?post=1959"},{"taxonomy":"post_tag","embeddable":true,"href":"https:\/\/nkef.eus\/es_es\/index.php\/wp-json\/wp\/v2\/tags?post=1959"}],"curies":[{"name":"wp","href":"https:\/\/api.w.org\/{rel}","templated":true}]}}