{"id":1933,"date":"2020-10-29T09:26:59","date_gmt":"2020-10-29T09:26:59","guid":{"rendered":"https:\/\/nkef.eus\/?p=1933"},"modified":"2020-10-29T10:22:13","modified_gmt":"2020-10-29T10:22:13","slug":"aplazada-la-primera-fase-de-los-campeonatos-de-aragon-de-curling","status":"publish","type":"post","link":"https:\/\/nkef.eus\/es_es\/index.php\/2020\/10\/29\/aplazada-la-primera-fase-de-los-campeonatos-de-aragon-de-curling\/","title":{"rendered":"APLAZADA LA PRIMERA FASE DE LOS CAMPEONATOS DE ARAG\u00d3N DE CURLING"},"content":{"rendered":"\t\t<div data-elementor-type=\"wp-post\" data-elementor-id=\"1933\" class=\"elementor elementor-1933\">\n\t\t\t\t\t\t<div class=\"elementor-inner\">\n\t\t\t\t<div class=\"elementor-section-wrap\">\n\t\t\t\t\t\t\t\t\t<section class=\"elementor-section elementor-top-section elementor-element elementor-element-c78dba1 elementor-section-content-middle elementor-section-boxed elementor-section-height-default elementor-section-height-default\" data-id=\"c78dba1\" data-element_type=\"section\">\n\t\t\t\t\t\t<div class=\"elementor-container elementor-column-gap-no\">\n\t\t\t\t\t\t\t<div class=\"elementor-row\">\n\t\t\t\t\t<div class=\"elementor-column elementor-col-100 elementor-top-column elementor-element elementor-element-753d285a\" data-id=\"753d285a\" data-element_type=\"column\">\n\t\t\t<div class=\"elementor-column-wrap elementor-element-populated\">\n\t\t\t\t\t\t\t<div class=\"elementor-widget-wrap\">\n\t\t\t\t\t\t<div class=\"elementor-element elementor-element-5e5c85ab elementor-widget elementor-widget-heading\" data-id=\"5e5c85ab\" data-element_type=\"widget\" data-widget_type=\"heading.default\">\n\t\t\t\t<div class=\"elementor-widget-container\">\n\t\t\t<h4 class=\"elementor-heading-title elementor-size-default\">APLAZADA LA PRIMERA FASE DEL CAMPEONATO DE ARAG\u00d3N DE CURLING<\/h4>\t\t<\/div>\n\t\t\t\t<\/div>\n\t\t\t\t<div class=\"elementor-element elementor-element-14df0a6 elementor-widget-divider--view-line elementor-widget elementor-widget-divider\" data-id=\"14df0a6\" data-element_type=\"widget\" data-widget_type=\"divider.default\">\n\t\t\t\t<div class=\"elementor-widget-container\">\n\t\t\t\t\t<div class=\"elementor-divider\">\n\t\t\t<span class=\"elementor-divider-separator\">\n\t\t\t\t\t\t<\/span>\n\t\t<\/div>\n\t\t\t\t<\/div>\n\t\t\t\t<\/div>\n\t\t\t\t<div class=\"elementor-element elementor-element-9a339c8 elementor-widget elementor-widget-image\" data-id=\"9a339c8\" data-element_type=\"widget\" data-widget_type=\"image.default\">\n\t\t\t\t<div class=\"elementor-widget-container\">\n\t\t\t\t\t\t\t\t<div class=\"elementor-image\">\n\t\t\t\t\t\t\t\t\t\t\t\t<img width=\"580\" height=\"580\" src=\"https:\/\/nkef.eus\/wp-content\/uploads\/2020\/10\/ARAGON-CURLING-1024x1024.png\" class=\"attachment-large size-large\" alt=\"\" loading=\"lazy\" srcset=\"https:\/\/nkef.eus\/wp-content\/uploads\/2020\/10\/ARAGON-CURLING-1024x1024.png 1024w, https:\/\/nkef.eus\/wp-content\/uploads\/2020\/10\/ARAGON-CURLING-300x300.png 300w, https:\/\/nkef.eus\/wp-content\/uploads\/2020\/10\/ARAGON-CURLING-150x150.png 150w, https:\/\/nkef.eus\/wp-content\/uploads\/2020\/10\/ARAGON-CURLING-768x768.png 768w, https:\/\/nkef.eus\/wp-content\/uploads\/2020\/10\/ARAGON-CURLING-12x12.png 12w, https:\/\/nkef.eus\/wp-content\/uploads\/2020\/10\/ARAGON-CURLING.png 1080w\" sizes=\"(max-width: 580px) 100vw, 580px\" \/>\t\t\t\t\t\t\t\t\t\t\t\t\t\t<\/div>\n\t\t\t\t\t\t<\/div>\n\t\t\t\t<\/div>\n\t\t\t\t<div class=\"elementor-element elementor-element-65320f0e elementor-widget elementor-widget-text-editor\" data-id=\"65320f0e\" data-element_type=\"widget\" data-widget_type=\"text-editor.default\">\n\t\t\t\t<div class=\"elementor-widget-container\">\n\t\t\t\t\t\t\t\t<div class=\"elementor-text-editor elementor-clearfix\">\n\t\t\t\t<p style=\"text-align: center;\">La Federaci\u00f3n Aragonesa De Deportes De Invierno ha comunicado el aplazamiento del <strong>Campeonato de Arag\u00f3n de Curling que se iba a celebrar en Jaca \u00a0los d\u00edas 31 de octubre y 1 de noviembre \u00a0de 2020 en la primera fase<\/strong>, debido al \u00a0decreto de estado de alarma 3 en Arag\u00f3n, donde quedan suspendidas las competiciones no profesionales as\u00ed como el confinamiento perimetral de toda la CCAA. El campeonato ser\u00e1 aplazado en un principio para las fechas que estaban destinadas a la fase dos;<strong>12 y 13 de diciembre 2020<\/strong>, pudiendo ser la segunda fase en los meses de enero o febrero de 2021.\u00a0<\/p>\t\t\t\t\t<\/div>\n\t\t\t\t\t\t<\/div>\n\t\t\t\t<\/div>\n\t\t\t\t\t\t<\/div>\n\t\t\t\t\t<\/div>\n\t\t<\/div>\n\t\t\t\t\t\t\t\t<\/div>\n\t\t\t\t\t<\/div>\n\t\t<\/section>\n\t\t\t\t\t\t\t\t\t<\/div>\n\t\t\t<\/div>\n\t\t\t\t\t<\/div>\n\t\t","protected":false},"excerpt":{"rendered":"<p>APLAZADA LA PRIMERA FASE DEL CAMPEONATO DE ARAG\u00d3N DE CURLING La Federaci\u00f3n Aragonesa De Deportes De Invierno ha comunicado el aplazamiento del Campeonato de Arag\u00f3n de Curling que se iba a celebrar en Jaca \u00a0los d\u00edas 31 de octubre y 1 de noviembre \u00a0de 2020 en la primera fase, debido al \u00a0decreto de estado de [&hellip;]<\/p>\n","protected":false},"author":3,"featured_media":1934,"comment_status":"closed","ping_status":"closed","sticky":false,"template":"elementor_header_footer","format":"standard","meta":[],"categories":[8],"tags":[],"_links":{"self":[{"href":"https:\/\/nkef.eus\/es_es\/index.php\/wp-json\/wp\/v2\/posts\/1933"}],"collection":[{"href":"https:\/\/nkef.eus\/es_es\/index.php\/wp-json\/wp\/v2\/posts"}],"about":[{"href":"https:\/\/nkef.eus\/es_es\/index.php\/wp-json\/wp\/v2\/types\/post"}],"author":[{"embeddable":true,"href":"https:\/\/nkef.eus\/es_es\/index.php\/wp-json\/wp\/v2\/users\/3"}],"replies":[{"embeddable":true,"href":"https:\/\/nkef.eus\/es_es\/index.php\/wp-json\/wp\/v2\/comments?post=1933"}],"version-history":[{"count":4,"href":"https:\/\/nkef.eus\/es_es\/index.php\/wp-json\/wp\/v2\/posts\/1933\/revisions"}],"predecessor-version":[{"id":1943,"href":"https:\/\/nkef.eus\/es_es\/index.php\/wp-json\/wp\/v2\/posts\/1933\/revisions\/1943"}],"wp:featuredmedia":[{"embeddable":true,"href":"https:\/\/nkef.eus\/es_es\/index.php\/wp-json\/wp\/v2\/media\/1934"}],"wp:attachment":[{"href":"https:\/\/nkef.eus\/es_es\/index.php\/wp-json\/wp\/v2\/media?parent=1933"}],"wp:term":[{"taxonomy":"category","embeddable":true,"href":"https:\/\/nkef.eus\/es_es\/index.php\/wp-json\/wp\/v2\/categories?post=1933"},{"taxonomy":"post_tag","embeddable":true,"href":"https:\/\/nkef.eus\/es_es\/index.php\/wp-json\/wp\/v2\/tags?post=1933"}],"curies":[{"name":"wp","href":"https:\/\/api.w.org\/{rel}","templated":true}]}}