{"id":1673,"date":"2020-10-22T11:13:40","date_gmt":"2020-10-22T11:13:40","guid":{"rendered":"https:\/\/nkef.eus\/?p=1673"},"modified":"2020-10-26T09:48:40","modified_gmt":"2020-10-26T09:48:40","slug":"concentracion-junior-curling-20-21-y-22-noviembre-jaca","status":"publish","type":"post","link":"https:\/\/nkef.eus\/es_es\/index.php\/2020\/10\/22\/concentracion-junior-curling-20-21-y-22-noviembre-jaca\/","title":{"rendered":"CONCENTRACI\u00d3N JUNIOR CURLING 20-21 Y 22 NOVIEMBRE &#8211; JACA"},"content":{"rendered":"\t\t<div data-elementor-type=\"wp-post\" data-elementor-id=\"1673\" class=\"elementor elementor-1673\">\n\t\t\t\t\t\t<div class=\"elementor-inner\">\n\t\t\t\t<div class=\"elementor-section-wrap\">\n\t\t\t\t\t\t\t\t\t<section class=\"elementor-section elementor-top-section elementor-element elementor-element-d57a1d9 elementor-section-content-middle elementor-section-boxed elementor-section-height-default elementor-section-height-default\" data-id=\"d57a1d9\" data-element_type=\"section\">\n\t\t\t\t\t\t<div class=\"elementor-container elementor-column-gap-no\">\n\t\t\t\t\t\t\t<div class=\"elementor-row\">\n\t\t\t\t\t<div class=\"elementor-column elementor-col-100 elementor-top-column elementor-element elementor-element-18357f3a\" data-id=\"18357f3a\" data-element_type=\"column\">\n\t\t\t<div class=\"elementor-column-wrap elementor-element-populated\">\n\t\t\t\t\t\t\t<div class=\"elementor-widget-wrap\">\n\t\t\t\t\t\t<div class=\"elementor-element elementor-element-6ded444c elementor-widget elementor-widget-heading\" data-id=\"6ded444c\" data-element_type=\"widget\" data-widget_type=\"heading.default\">\n\t\t\t\t<div class=\"elementor-widget-container\">\n\t\t\t<h4 class=\"elementor-heading-title elementor-size-default\">CONCENTRACI\u00d3N JUNIOR CURLING 20-21 Y 22 NOVIEMBRE - JACA<\/h4>\t\t<\/div>\n\t\t\t\t<\/div>\n\t\t\t\t<div class=\"elementor-element elementor-element-d8a0d96 elementor-widget-divider--view-line elementor-widget elementor-widget-divider\" data-id=\"d8a0d96\" data-element_type=\"widget\" data-widget_type=\"divider.default\">\n\t\t\t\t<div class=\"elementor-widget-container\">\n\t\t\t\t\t<div class=\"elementor-divider\">\n\t\t\t<span class=\"elementor-divider-separator\">\n\t\t\t\t\t\t<\/span>\n\t\t<\/div>\n\t\t\t\t<\/div>\n\t\t\t\t<\/div>\n\t\t\t\t<div class=\"elementor-element elementor-element-c72bb06 elementor-widget elementor-widget-image\" data-id=\"c72bb06\" data-element_type=\"widget\" data-widget_type=\"image.default\">\n\t\t\t\t<div class=\"elementor-widget-container\">\n\t\t\t\t\t\t\t\t<div class=\"elementor-image\">\n\t\t\t\t\t\t\t\t\t\t\t\t<img width=\"580\" height=\"580\" src=\"https:\/\/nkef.eus\/wp-content\/uploads\/2020\/10\/CONCENTRACION-JUNIOR-CURLING-1024x1024.png\" class=\"attachment-large size-large\" alt=\"\" loading=\"lazy\" srcset=\"https:\/\/nkef.eus\/wp-content\/uploads\/2020\/10\/CONCENTRACION-JUNIOR-CURLING-1024x1024.png 1024w, https:\/\/nkef.eus\/wp-content\/uploads\/2020\/10\/CONCENTRACION-JUNIOR-CURLING-300x300.png 300w, https:\/\/nkef.eus\/wp-content\/uploads\/2020\/10\/CONCENTRACION-JUNIOR-CURLING-150x150.png 150w, https:\/\/nkef.eus\/wp-content\/uploads\/2020\/10\/CONCENTRACION-JUNIOR-CURLING-768x768.png 768w, https:\/\/nkef.eus\/wp-content\/uploads\/2020\/10\/CONCENTRACION-JUNIOR-CURLING-12x12.png 12w, https:\/\/nkef.eus\/wp-content\/uploads\/2020\/10\/CONCENTRACION-JUNIOR-CURLING.png 1080w\" sizes=\"(max-width: 580px) 100vw, 580px\" \/>\t\t\t\t\t\t\t\t\t\t\t\t\t\t<\/div>\n\t\t\t\t\t\t<\/div>\n\t\t\t\t<\/div>\n\t\t\t\t<div class=\"elementor-element elementor-element-4e10448a elementor-widget elementor-widget-text-editor\" data-id=\"4e10448a\" data-element_type=\"widget\" data-widget_type=\"text-editor.default\">\n\t\t\t\t<div class=\"elementor-widget-container\">\n\t\t\t\t\t\t\t\t<div class=\"elementor-text-editor elementor-clearfix\">\n\t\t\t\t<p>El seleccionador Nacional Martin Stucki ha dado a conocer la lista de 10 jugadores\/as que participar\u00e1n en la concentraci\u00f3n de Curling de alto nivel que tendr\u00e1 lugar en Jaca durante los d\u00edas 20,21 y 22 de Noviembre de 2020.<\/p><p>Destacar la presencia de los siguientes jugadores\/as que integran la estructura deportiva de la Federaci\u00f3n Vasca de Deportes de Invierno.<\/p><ul><li style=\"text-align: left;\">Luis G\u00f3mez (IPARPOLO\/NKEF).<\/li><li style=\"text-align: left;\">Mar\u00eda G\u00f3mez (IPARPOLO\/NKEF)<\/li><li style=\"text-align: left;\">Ana V\u00e1zquez (IPARPOLO\/NKEF)<\/li><li style=\"text-align: left;\">Eneko S\u00e1ez (HARRIKADA\/NKEF)<\/li><li style=\"text-align: left;\">Daniela Garc\u00eda (TXURI-BERRI\/NKEF)<\/li><\/ul>\t\t\t\t\t<\/div>\n\t\t\t\t\t\t<\/div>\n\t\t\t\t<\/div>\n\t\t\t\t\t\t<\/div>\n\t\t\t\t\t<\/div>\n\t\t<\/div>\n\t\t\t\t\t\t\t\t<\/div>\n\t\t\t\t\t<\/div>\n\t\t<\/section>\n\t\t\t\t\t\t\t\t\t<\/div>\n\t\t\t<\/div>\n\t\t\t\t\t<\/div>\n\t\t","protected":false},"excerpt":{"rendered":"<p>CONCENTRACI\u00d3N JUNIOR CURLING 20-21 Y 22 NOVIEMBRE &#8211; JACA El seleccionador Nacional Martin Stucki ha dado a conocer la lista de 10 jugadores\/as que participar\u00e1n en la concentraci\u00f3n de Curling de alto nivel que tendr\u00e1 lugar en Jaca durante los d\u00edas 20,21 y 22 de Noviembre de 2020. Destacar la presencia de los siguientes jugadores\/as [&hellip;]<\/p>\n","protected":false},"author":3,"featured_media":1674,"comment_status":"closed","ping_status":"closed","sticky":false,"template":"elementor_header_footer","format":"standard","meta":[],"categories":[8],"tags":[],"_links":{"self":[{"href":"https:\/\/nkef.eus\/es_es\/index.php\/wp-json\/wp\/v2\/posts\/1673"}],"collection":[{"href":"https:\/\/nkef.eus\/es_es\/index.php\/wp-json\/wp\/v2\/posts"}],"about":[{"href":"https:\/\/nkef.eus\/es_es\/index.php\/wp-json\/wp\/v2\/types\/post"}],"author":[{"embeddable":true,"href":"https:\/\/nkef.eus\/es_es\/index.php\/wp-json\/wp\/v2\/users\/3"}],"replies":[{"embeddable":true,"href":"https:\/\/nkef.eus\/es_es\/index.php\/wp-json\/wp\/v2\/comments?post=1673"}],"version-history":[{"count":4,"href":"https:\/\/nkef.eus\/es_es\/index.php\/wp-json\/wp\/v2\/posts\/1673\/revisions"}],"predecessor-version":[{"id":1744,"href":"https:\/\/nkef.eus\/es_es\/index.php\/wp-json\/wp\/v2\/posts\/1673\/revisions\/1744"}],"wp:featuredmedia":[{"embeddable":true,"href":"https:\/\/nkef.eus\/es_es\/index.php\/wp-json\/wp\/v2\/media\/1674"}],"wp:attachment":[{"href":"https:\/\/nkef.eus\/es_es\/index.php\/wp-json\/wp\/v2\/media?parent=1673"}],"wp:term":[{"taxonomy":"category","embeddable":true,"href":"https:\/\/nkef.eus\/es_es\/index.php\/wp-json\/wp\/v2\/categories?post=1673"},{"taxonomy":"post_tag","embeddable":true,"href":"https:\/\/nkef.eus\/es_es\/index.php\/wp-json\/wp\/v2\/tags?post=1673"}],"curies":[{"name":"wp","href":"https:\/\/api.w.org\/{rel}","templated":true}]}}