{"id":1464,"date":"2020-09-28T08:56:34","date_gmt":"2020-09-28T08:56:34","guid":{"rendered":"https:\/\/nkef.eus\/?p=1464"},"modified":"2020-10-26T10:12:09","modified_gmt":"2020-10-26T10:12:09","slug":"xiii-tecnificacion-de-curling-junior","status":"publish","type":"post","link":"https:\/\/nkef.eus\/es_es\/index.php\/2020\/09\/28\/xiii-tecnificacion-de-curling-junior\/","title":{"rendered":"XIII TECNIFICACI\u00d3N DE CURLING JUNIOR"},"content":{"rendered":"\t\t<div data-elementor-type=\"wp-post\" data-elementor-id=\"1464\" class=\"elementor elementor-1464\">\n\t\t\t\t\t\t<div class=\"elementor-inner\">\n\t\t\t\t<div class=\"elementor-section-wrap\">\n\t\t\t\t\t\t\t\t\t<section class=\"elementor-section elementor-top-section elementor-element elementor-element-321f322f elementor-section-content-middle elementor-section-boxed elementor-section-height-default elementor-section-height-default\" data-id=\"321f322f\" data-element_type=\"section\">\n\t\t\t\t\t\t<div class=\"elementor-container elementor-column-gap-no\">\n\t\t\t\t\t\t\t<div class=\"elementor-row\">\n\t\t\t\t\t<div class=\"elementor-column elementor-col-100 elementor-top-column elementor-element elementor-element-bba022d\" data-id=\"bba022d\" data-element_type=\"column\">\n\t\t\t<div class=\"elementor-column-wrap elementor-element-populated\">\n\t\t\t\t\t\t\t<div class=\"elementor-widget-wrap\">\n\t\t\t\t\t\t<div class=\"elementor-element elementor-element-396b23d2 elementor-widget elementor-widget-heading\" data-id=\"396b23d2\" data-element_type=\"widget\" data-widget_type=\"heading.default\">\n\t\t\t\t<div class=\"elementor-widget-container\">\n\t\t\t<h4 class=\"elementor-heading-title elementor-size-default\">XIII TECNIFICACI\u00d3N CURLING JUNIOR <\/h4>\t\t<\/div>\n\t\t\t\t<\/div>\n\t\t\t\t<div class=\"elementor-element elementor-element-1f638e7 elementor-widget elementor-widget-image\" data-id=\"1f638e7\" data-element_type=\"widget\" data-widget_type=\"image.default\">\n\t\t\t\t<div class=\"elementor-widget-container\">\n\t\t\t\t\t\t\t\t<div class=\"elementor-image\">\n\t\t\t\t\t\t\t\t\t<figure class=\"wp-caption\">\n\t\t\t\t\t\t\t\t\t\t<img width=\"580\" height=\"580\" src=\"https:\/\/nkef.eus\/wp-content\/uploads\/2020\/09\/thumbnail_IMG-20200927-WA0009-1024x1024.jpg\" class=\"attachment-large size-large\" alt=\"\" loading=\"lazy\" srcset=\"https:\/\/nkef.eus\/wp-content\/uploads\/2020\/09\/thumbnail_IMG-20200927-WA0009-1024x1024.jpg 1024w, https:\/\/nkef.eus\/wp-content\/uploads\/2020\/09\/thumbnail_IMG-20200927-WA0009-300x300.jpg 300w, https:\/\/nkef.eus\/wp-content\/uploads\/2020\/09\/thumbnail_IMG-20200927-WA0009-150x150.jpg 150w, https:\/\/nkef.eus\/wp-content\/uploads\/2020\/09\/thumbnail_IMG-20200927-WA0009-768x768.jpg 768w, https:\/\/nkef.eus\/wp-content\/uploads\/2020\/09\/thumbnail_IMG-20200927-WA0009.jpg 1058w\" sizes=\"(max-width: 580px) 100vw, 580px\" \/>\t\t\t\t\t\t\t\t\t\t\t<figcaption class=\"widget-image-caption wp-caption-text\">Deportistas Juniors de la estructura deportiva de curling de la NKEF.<\/figcaption>\n\t\t\t\t\t\t\t\t\t\t<\/figure>\n\t\t\t\t\t\t\t\t<\/div>\n\t\t\t\t\t\t<\/div>\n\t\t\t\t<\/div>\n\t\t\t\t<div class=\"elementor-element elementor-element-43ab6bb7 elementor-widget elementor-widget-text-editor\" data-id=\"43ab6bb7\" data-element_type=\"widget\" data-widget_type=\"text-editor.default\">\n\t\t\t\t<div class=\"elementor-widget-container\">\n\t\t\t\t\t\t\t\t<div class=\"elementor-text-editor elementor-clearfix\">\n\t\t\t\t<p>Del 25 al 27 de Septiembre y organizado por la Federaci\u00f3n Espa\u00f1ola de Deportes de Hielo, se ha celebrado en el pabell\u00f3n de Hielo de Jaca la decimotercera edici\u00f3n de Tecnificaci\u00f3n Junior de Curling donde han participado Deportistas de\u00a0 los siguientes equipos de Curling que integran la estructura deportiva de la Federaci\u00f3n Vasca de Deportes de Invierno.<\/p><ul><li style=\"text-align: left;\">iparpolo Curling<\/li><li style=\"text-align: left;\">Harrikada Curling<\/li><li style=\"text-align: left;\">Txuri berri Curling<\/li><\/ul>\t\t\t\t\t<\/div>\n\t\t\t\t\t\t<\/div>\n\t\t\t\t<\/div>\n\t\t\t\t<div class=\"elementor-element elementor-element-59b5b52 elementor-widget elementor-widget-image\" data-id=\"59b5b52\" data-element_type=\"widget\" data-widget_type=\"image.default\">\n\t\t\t\t<div class=\"elementor-widget-container\">\n\t\t\t\t\t\t\t\t<div class=\"elementor-image\">\n\t\t\t\t\t\t\t\t\t<figure class=\"wp-caption\">\n\t\t\t\t\t\t\t\t\t\t<img width=\"580\" height=\"580\" src=\"https:\/\/nkef.eus\/wp-content\/uploads\/2020\/09\/CURLING.jpg\" class=\"attachment-large size-large\" alt=\"\" loading=\"lazy\" srcset=\"https:\/\/nkef.eus\/wp-content\/uploads\/2020\/09\/CURLING.jpg 998w, https:\/\/nkef.eus\/wp-content\/uploads\/2020\/09\/CURLING-300x300.jpg 300w, https:\/\/nkef.eus\/wp-content\/uploads\/2020\/09\/CURLING-150x150.jpg 150w, https:\/\/nkef.eus\/wp-content\/uploads\/2020\/09\/CURLING-768x768.jpg 768w\" sizes=\"(max-width: 580px) 100vw, 580px\" \/>\t\t\t\t\t\t\t\t\t\t\t<figcaption class=\"widget-image-caption wp-caption-text\">Participantes en la XIII Tecnificaci\u00f3n Junior de Curling. <\/figcaption>\n\t\t\t\t\t\t\t\t\t\t<\/figure>\n\t\t\t\t\t\t\t\t<\/div>\n\t\t\t\t\t\t<\/div>\n\t\t\t\t<\/div>\n\t\t\t\t\t\t<\/div>\n\t\t\t\t\t<\/div>\n\t\t<\/div>\n\t\t\t\t\t\t\t\t<\/div>\n\t\t\t\t\t<\/div>\n\t\t<\/section>\n\t\t\t\t\t\t\t\t\t<\/div>\n\t\t\t<\/div>\n\t\t\t\t\t<\/div>\n\t\t","protected":false},"excerpt":{"rendered":"<p>XIII TECNIFICACI\u00d3N CURLING JUNIOR Deportistas Juniors de la estructura deportiva de curling de la NKEF. Del 25 al 27 de Septiembre y organizado por la Federaci\u00f3n Espa\u00f1ola de Deportes de Hielo, se ha celebrado en el pabell\u00f3n de Hielo de Jaca la decimotercera edici\u00f3n de Tecnificaci\u00f3n Junior de Curling donde han participado Deportistas de\u00a0 los [&hellip;]<\/p>\n","protected":false},"author":3,"featured_media":1466,"comment_status":"closed","ping_status":"closed","sticky":false,"template":"elementor_header_footer","format":"standard","meta":[],"categories":[8],"tags":[],"_links":{"self":[{"href":"https:\/\/nkef.eus\/es_es\/index.php\/wp-json\/wp\/v2\/posts\/1464"}],"collection":[{"href":"https:\/\/nkef.eus\/es_es\/index.php\/wp-json\/wp\/v2\/posts"}],"about":[{"href":"https:\/\/nkef.eus\/es_es\/index.php\/wp-json\/wp\/v2\/types\/post"}],"author":[{"embeddable":true,"href":"https:\/\/nkef.eus\/es_es\/index.php\/wp-json\/wp\/v2\/users\/3"}],"replies":[{"embeddable":true,"href":"https:\/\/nkef.eus\/es_es\/index.php\/wp-json\/wp\/v2\/comments?post=1464"}],"version-history":[{"count":5,"href":"https:\/\/nkef.eus\/es_es\/index.php\/wp-json\/wp\/v2\/posts\/1464\/revisions"}],"predecessor-version":[{"id":1761,"href":"https:\/\/nkef.eus\/es_es\/index.php\/wp-json\/wp\/v2\/posts\/1464\/revisions\/1761"}],"wp:featuredmedia":[{"embeddable":true,"href":"https:\/\/nkef.eus\/es_es\/index.php\/wp-json\/wp\/v2\/media\/1466"}],"wp:attachment":[{"href":"https:\/\/nkef.eus\/es_es\/index.php\/wp-json\/wp\/v2\/media?parent=1464"}],"wp:term":[{"taxonomy":"category","embeddable":true,"href":"https:\/\/nkef.eus\/es_es\/index.php\/wp-json\/wp\/v2\/categories?post=1464"},{"taxonomy":"post_tag","embeddable":true,"href":"https:\/\/nkef.eus\/es_es\/index.php\/wp-json\/wp\/v2\/tags?post=1464"}],"curies":[{"name":"wp","href":"https:\/\/api.w.org\/{rel}","templated":true}]}}