{"id":1205,"date":"2020-07-28T11:47:47","date_gmt":"2020-07-28T11:47:47","guid":{"rendered":"https:\/\/nkef.eus\/?p=1205"},"modified":"2020-10-26T10:16:11","modified_gmt":"2020-10-26T10:16:11","slug":"basque-team-anuncia-la-segunda-lista-de-deportistas-becados-y-becadas-del-2020","status":"publish","type":"post","link":"https:\/\/nkef.eus\/es_es\/index.php\/2020\/07\/28\/basque-team-anuncia-la-segunda-lista-de-deportistas-becados-y-becadas-del-2020\/","title":{"rendered":"BASQUE TEAM ANUNCIA LA SEGUNDA LISTA DE DEPORTISTAS BECADOS Y BECADAS DEL 2020"},"content":{"rendered":"\t\t<div data-elementor-type=\"wp-post\" data-elementor-id=\"1205\" class=\"elementor elementor-1205\">\n\t\t\t\t\t\t<div class=\"elementor-inner\">\n\t\t\t\t<div class=\"elementor-section-wrap\">\n\t\t\t\t\t\t\t\t\t<section class=\"elementor-section elementor-top-section elementor-element elementor-element-2797de74 elementor-section-content-middle elementor-section-boxed elementor-section-height-default elementor-section-height-default\" data-id=\"2797de74\" data-element_type=\"section\">\n\t\t\t\t\t\t<div class=\"elementor-container elementor-column-gap-no\">\n\t\t\t\t\t\t\t<div class=\"elementor-row\">\n\t\t\t\t\t<div class=\"elementor-column elementor-col-100 elementor-top-column elementor-element elementor-element-6321c4c5\" data-id=\"6321c4c5\" data-element_type=\"column\">\n\t\t\t<div class=\"elementor-column-wrap elementor-element-populated\">\n\t\t\t\t\t\t\t<div class=\"elementor-widget-wrap\">\n\t\t\t\t\t\t<div class=\"elementor-element elementor-element-589111d0 elementor-widget elementor-widget-heading\" data-id=\"589111d0\" data-element_type=\"widget\" data-widget_type=\"heading.default\">\n\t\t\t\t<div class=\"elementor-widget-container\">\n\t\t\t<h4 class=\"elementor-heading-title elementor-size-default\">FUNDACI\u00d3N BASQUE TEAM<\/h4>\t\t<\/div>\n\t\t\t\t<\/div>\n\t\t\t\t<div class=\"elementor-element elementor-element-1e1deeb elementor-widget elementor-widget-image\" data-id=\"1e1deeb\" data-element_type=\"widget\" data-widget_type=\"image.default\">\n\t\t\t\t<div class=\"elementor-widget-container\">\n\t\t\t\t\t\t\t\t<div class=\"elementor-image\">\n\t\t\t\t\t\t\t\t\t\t\t\t<img width=\"312\" height=\"161\" src=\"https:\/\/nkef.eus\/wp-content\/uploads\/2020\/07\/basque-team.png\" class=\"attachment-large size-large\" alt=\"\" loading=\"lazy\" srcset=\"https:\/\/nkef.eus\/wp-content\/uploads\/2020\/07\/basque-team.png 312w, https:\/\/nkef.eus\/wp-content\/uploads\/2020\/07\/basque-team-300x155.png 300w\" sizes=\"(max-width: 312px) 100vw, 312px\" \/>\t\t\t\t\t\t\t\t\t\t\t\t\t\t<\/div>\n\t\t\t\t\t\t<\/div>\n\t\t\t\t<\/div>\n\t\t\t\t<div class=\"elementor-element elementor-element-2b03a290 elementor-widget elementor-widget-text-editor\" data-id=\"2b03a290\" data-element_type=\"widget\" data-widget_type=\"text-editor.default\">\n\t\t\t\t<div class=\"elementor-widget-container\">\n\t\t\t\t\t\t\t\t<div class=\"elementor-text-editor elementor-clearfix\">\n\t\t\t\t<ul type=\"disc\"><li class=\"x_MsoNormal\"><strong>La Fundaci\u00f3n Basque Team ha acelerado este a\u00f1o el proceso de asignaci\u00f3n de becas que qued\u00f3 afectado por la pandemia del COVID-19.<\/strong>\u00a0<\/li><li class=\"x_MsoNormal\"><strong>Los becados y becadas del 2020 han sido anunciados este a\u00f1o en dos tandas, seg\u00fan han ido recibi\u00e9ndose y aprob\u00e1ndose las solicitudes.<\/strong><\/li><\/ul><p class=\"x_MsoNormal\" align=\"center\">\u00a0<\/p><p class=\"x_MsoNormal\"><u>Getxo, 27 de julio de 2020.<\/u>\u00a0La pandemia generada por el coronavirus COVID-19, afect\u00f3 de lleno al proceso de solicitud de becas de la Fundaci\u00f3n Basque Team para el a\u00f1o 2020, teniendo que ampliar en varias ocasiones el plazo para la entrega de documentaci\u00f3n al prorrogarse sucesivamente el estado de alarma. Todo ello ha generado que el proceso de asignaci\u00f3n de becas se alargue m\u00e1s de lo habitual este a\u00f1o. Para evitar que los y las deportistas vean demorado el cobro de la beca, en los casos en los que la resoluci\u00f3n ha sido favorable, la Fundaci\u00f3n Basque Team no ha\u00a0 esperado, como de costumbre, al fallo de todas las solicitudes recibidas para anunciar quienes son los y las becadas de este a\u00f1o, sino que han sido anunciados en dos tandas, seg\u00fan las resoluciones se han realizado, para que los y las deportistas que cumpl\u00edan los requisitos pudieran comenzar a disfrutar ya de su beca.<br \/>\u00a0<br \/>La aprobaci\u00f3n o denegaci\u00f3n de las becas individuales de alto nivel est\u00e1 sometida a estrictos criterios de valoraci\u00f3n de los resultados obtenidos en la temporada precedente, tanto en t\u00e9rminos de marcas como de participaci\u00f3n, en categor\u00eda absoluta, en torneos y competiciones de \u00e1mbito internacional: campeonatos de Europa, campeonatos del Mundo y Juegos Ol\u00edmpicos y Paral\u00edmpicos.<br \/>\u00a0<br \/>Las y los becados recibir\u00e1n adem\u00e1s de las ayudas econ\u00f3micas, ayudas biom\u00e9dicas (reforzado por el acuerdo de colaboraci\u00f3n con el grupo Quir\u00f3nSalud), ayudas t\u00e9cnicas, servicio de coaching, de imagen y comunicaci\u00f3n y asesoramiento en materia acad\u00e9mica y en su incorporaci\u00f3n al mundo laboral, siendo \u00e9ste un servicio en el que la Fundaci\u00f3n est\u00e1 centrando sus esfuerzos con el proceso denominado \u2018Laneratzea\u2019.<br \/>\u00a0<br \/>Destaca la apuesta que se hace desde BASQUE TEAM para potenciar la igualdad de g\u00e9nero y para que los y las deportistas sean portadores de valores ejemplarizantes para la sociedad. No se tolerar\u00e1 a los y las becadas manifestaciones racistas, xen\u00f3fobas, machistas o discriminatorias hacia las mujeres y, en general, ninguna que suponga intolerancia hacia personas o colectivos concretos, todo enmarcado dentro del proyecto \u2018Baloreetan BAT\u2019 puesto en marcha por la Fundaci\u00f3n, un proyecto que pretende difundir y aplicar los valores del deporte tanto en el plano empresarial como en el educativo.<br \/>\u00a0<br \/>\u00a0<br \/><strong><u>Deportistas y t\u00e9cnicos y t\u00e9cnicas becados y becadas por Basque Team en 2020\u00a0<\/u><\/strong><strong>(segunda tanda aprobada):<\/strong><br \/>\u00a0<br \/><strong><u>Becas \u2018Basque Team Kirolariak\u2019<\/u><\/strong>: Son las ayudas destinadas a deportistas concedidas con el fin de garantizar la necesaria y prioritaria dedicaci\u00f3n al entrenamiento y competici\u00f3n.<\/p><ol start=\"1\" type=\"1\"><li class=\"x_MsoNormal\"><strong>Agurtzane Eguiluz (baloncesto en silla de ruedas)\u00a0<\/strong><strong>(nueva becada)<\/strong><\/li><li class=\"x_MsoNormal\"><strong>Ainhoa Hernandez (balonmano)<\/strong><\/li><li class=\"x_MsoNormal\"><strong>Ane Barandiaran (softbol)<\/strong><\/li><li class=\"x_MsoNormal\"><strong>Ane Santesteban (ciclismo en carretera)<\/strong><\/li><li class=\"x_MsoNormal\"><strong>B\u00e1rbara Pl\u00e1 (rugby)<\/strong><\/li><li class=\"x_MsoNormal\"><strong>Garazi S\u00e1nchez (surf)<\/strong><\/li><li class=\"x_MsoNormal\"><strong>Higinio Rivero (pirag\u00fcismo adaptado)\u00a0<\/strong><strong>(nuevo becado)<\/strong><\/li><li class=\"x_MsoNormal\"><strong>I\u00f1igo Llopis (nataci\u00f3n adaptada)<\/strong><\/li><li class=\"x_MsoNormal\"><strong>Irantzu Garc\u00eda (curling)<\/strong><\/li><li class=\"x_MsoNormal\"><strong>Jose Maria Avenda\u00f1o (baloncesto en silla de ruedas)\u00a0<\/strong><strong>(nuevo becado)<\/strong><\/li><li class=\"x_MsoNormal\"><strong>Luc\u00eda Garc\u00eda (f\u00fatbol)\u00a0<\/strong><strong>(nueva becada)<\/strong><\/li><li class=\"x_MsoNormal\"><strong>Maitane Etxeberria (balonmano)<\/strong><\/li><li class=\"x_MsoNormal\"><strong>Mikel Unanue (curling)\u00a0<\/strong><strong>(nuevo becado)<\/strong><\/li><li class=\"x_MsoNormal\"><strong>Miren Lazkano (pirag\u00fcismo eslalon)<\/strong><\/li><li class=\"x_MsoNormal\"><strong>Nadia Erostarbe (surf)<\/strong><\/li><li class=\"x_MsoNormal\"><strong>Oihane Otaegi (curling)\u00a0<\/strong><strong>(nueva becada)<\/strong><\/li><li class=\"x_MsoNormal\"><strong>Pablo Carrera (tiro ol\u00edmpico, pistola)<\/strong><\/li><li class=\"x_MsoNormal\"><strong>Rodrigo Iba\u00f1ez (karate)\u00a0<\/strong><strong>(nuevo becado)<\/strong><\/li><li class=\"x_MsoNormal\"><strong>Uribarri Barrutieta (rugby)<\/strong><\/li><li class=\"x_MsoNormal\"><strong>Virginia D\u00edaz (remo ol\u00edmpico)<\/strong>\u00a0<\/li><\/ol><p class=\"x_MsoNormal\"><strong><u>Becas \u2018Basque Team Retroactivas\u2019:<\/u><\/strong>\u00a0Son las ayudas que, con car\u00e1cter excepcional, est\u00e1n destinadas a las y los deportistas\u00a0 y a las y los t\u00e9cnicos que hubieran sido beneficiarios de una beca \u2018Basque Team Kirolariak y Teknikariak\u2019 durante el a\u00f1o 2019 y no cumplan el resultado deportivo exigido. Tendr\u00e1n asegurado el 50% de la beca y obtendr\u00e1n la otra mitad en caso de cumplir los objetivos establecidos para el 2020.\u00a0<strong>(Por las circunstancias excepcionales de este a\u00f1o, que limitan la celebraci\u00f3n de competici\u00f3nes, se realizar\u00e1 una valoraci\u00f3n de cada caso al t\u00e9rmino de 2020).<\/strong><\/p><ol start=\"1\" type=\"1\"><li class=\"x_MsoNormal\"><strong>Andy Criere (surf)<\/strong><\/li><li class=\"x_MsoNormal\"><strong>Gontzal Garc\u00eda (curling)<\/strong><\/li><li class=\"x_MsoNormal\"><strong>Illart Zuazubiskar (ciclismo en pista)<\/strong><\/li><li class=\"x_MsoNormal\"><strong>Rakel Mateo (triatl\u00f3n adaptado)<\/strong>\u00a0<\/li><\/ol><p class=\"x_MsoNormal\"><strong><u>Becas \u2018Basque Team Support\u2019<\/u><\/strong>: Son las ayudas que est\u00e1n destinadas a las y los deportistas que, aun no pudiendo acceder ni a las becas \u2018Basque Team Kirolariak\u2019 ni a las becas \u2018Basque Team Retroactivas\u2019, acreditan la participaci\u00f3n en la temporada 2019 en las pruebas de los campeonatos del Mundo y los campeonatos de Europa de incluidos en el programa ol\u00edmpico.<\/p><ol start=\"1\" type=\"1\"><li class=\"x_MsoNormal\"><strong>Alain Kortabitarte (skate)\u00a0<\/strong><strong>(nuevo becado)<\/strong><\/li><li class=\"x_MsoNormal\"><strong>Ariane Ochoa (surf)\u00a0<\/strong><strong>(nueva becada)<\/strong><\/li><li class=\"x_MsoNormal\"><strong>Carlos Tobalina (atletismo, lanzamiento de peso)<\/strong><\/li><li class=\"x_MsoNormal\"><strong>Eider Merino (ciclismo en carretera)<\/strong><\/li><li class=\"x_MsoNormal\"><strong>Ian Ponciano (skate)<\/strong><\/li><li class=\"x_MsoNormal\"><strong>Jose Mari Mendiola (judo)\u00a0<\/strong><strong>(nuevo becado)<\/strong><\/li><li class=\"x_MsoNormal\"><strong>Maialen Axpe (atletismo, salto con p\u00e9rtiga)<\/strong><\/li><li class=\"x_MsoNormal\"><strong>Mikel Linacisoro (escalada)<\/strong><\/li><li class=\"x_MsoNormal\"><strong>Ziortza Isasi (ciclismo en carretera)\u00a0<\/strong><strong>(nueva becada)<\/strong><\/li><\/ol><p class=\"x_MsoNormal\"><strong><u>Las y los t\u00e9cnicos becados por Basque Team en 2020:\u00a0<\/u><\/strong><strong>(segunda tanda aprobada)<\/strong><\/p><ol start=\"1\" type=\"1\"><li class=\"x_MsoNormal\"><strong>Ander Altuna (ciclismo en pista)<\/strong><\/li><li class=\"x_MsoNormal\"><strong>Aritz Fernandez (pirag\u00fcismo eslalon)<\/strong><\/li><li class=\"x_MsoNormal\"><strong>Esteban Nu\u00f1ez (baloncesto en silla de ruedas)<\/strong><\/li><li class=\"x_MsoNormal\"><strong>Iker-Ekaitz Libano (pirag\u00fcismo adaptado)<\/strong><\/li><li class=\"x_MsoNormal\"><strong>Isaac Pousada (nataci\u00f3n adaptada)<\/strong><\/li><li class=\"x_MsoNormal\"><strong>Leire Otaegi (curling)<\/strong><\/li><li class=\"x_MsoNormal\"><strong>Marcos C\u00e9sar Morales (remo ol\u00edmpico)<\/strong><\/li><li class=\"x_MsoNormal\"><strong>Pablo Cabezuelo (surf)<\/strong>\u00a0<\/li><\/ol><p class=\"x_MsoNormal\"><strong>*Se adjunta lista completa de becados y becadas en 2020<\/strong><\/p>\t\t\t\t\t<\/div>\n\t\t\t\t\t\t<\/div>\n\t\t\t\t<\/div>\n\t\t\t\t<div class=\"elementor-element elementor-element-15ad9e0f elementor-icon-list--layout-traditional elementor-list-item-link-full_width elementor-widget elementor-widget-icon-list\" data-id=\"15ad9e0f\" data-element_type=\"widget\" data-widget_type=\"icon-list.default\">\n\t\t\t\t<div class=\"elementor-widget-container\">\n\t\t\t\t\t<ul class=\"elementor-icon-list-items\">\n\t\t\t\t\t\t\t<li class=\"elementor-icon-list-item\">\n\t\t\t\t\t\t\t\t\t\t\t<a href=\"https:\/\/nkef.eus\/wp-content\/uploads\/2020\/07\/Lista-completa-becados-y-becadas-2020.pdf\">\n\n\t\t\t\t\t\t\t\t\t\t\t\t<span class=\"elementor-icon-list-icon\">\n\t\t\t\t\t\t\t<i aria-hidden=\"true\" class=\"far fa-file-pdf\"><\/i>\t\t\t\t\t\t<\/span>\n\t\t\t\t\t\t\t\t\t\t<span class=\"elementor-icon-list-text\">LISTADO COMPLETO<\/span>\n\t\t\t\t\t\t\t\t\t\t\t<\/a>\n\t\t\t\t\t\t\t\t\t<\/li>\n\t\t\t\t\t\t<\/ul>\n\t\t\t\t<\/div>\n\t\t\t\t<\/div>\n\t\t\t\t\t\t<\/div>\n\t\t\t\t\t<\/div>\n\t\t<\/div>\n\t\t\t\t\t\t\t\t<\/div>\n\t\t\t\t\t<\/div>\n\t\t<\/section>\n\t\t\t\t\t\t\t\t\t<\/div>\n\t\t\t<\/div>\n\t\t\t\t\t<\/div>\n\t\t","protected":false},"excerpt":{"rendered":"<p>FUNDACI\u00d3N BASQUE TEAM La Fundaci\u00f3n Basque Team ha acelerado este a\u00f1o el proceso de asignaci\u00f3n de becas que qued\u00f3 afectado por la pandemia del COVID-19.\u00a0 Los becados y becadas del 2020 han sido anunciados este a\u00f1o en dos tandas, seg\u00fan han ido recibi\u00e9ndose y aprob\u00e1ndose las solicitudes. \u00a0 Getxo, 27 de julio de 2020.\u00a0La pandemia [&hellip;]<\/p>\n","protected":false},"author":3,"featured_media":1213,"comment_status":"closed","ping_status":"closed","sticky":false,"template":"elementor_header_footer","format":"standard","meta":[],"categories":[15],"tags":[],"_links":{"self":[{"href":"https:\/\/nkef.eus\/es_es\/index.php\/wp-json\/wp\/v2\/posts\/1205"}],"collection":[{"href":"https:\/\/nkef.eus\/es_es\/index.php\/wp-json\/wp\/v2\/posts"}],"about":[{"href":"https:\/\/nkef.eus\/es_es\/index.php\/wp-json\/wp\/v2\/types\/post"}],"author":[{"embeddable":true,"href":"https:\/\/nkef.eus\/es_es\/index.php\/wp-json\/wp\/v2\/users\/3"}],"replies":[{"embeddable":true,"href":"https:\/\/nkef.eus\/es_es\/index.php\/wp-json\/wp\/v2\/comments?post=1205"}],"version-history":[{"count":5,"href":"https:\/\/nkef.eus\/es_es\/index.php\/wp-json\/wp\/v2\/posts\/1205\/revisions"}],"predecessor-version":[{"id":1767,"href":"https:\/\/nkef.eus\/es_es\/index.php\/wp-json\/wp\/v2\/posts\/1205\/revisions\/1767"}],"wp:featuredmedia":[{"embeddable":true,"href":"https:\/\/nkef.eus\/es_es\/index.php\/wp-json\/wp\/v2\/media\/1213"}],"wp:attachment":[{"href":"https:\/\/nkef.eus\/es_es\/index.php\/wp-json\/wp\/v2\/media?parent=1205"}],"wp:term":[{"taxonomy":"category","embeddable":true,"href":"https:\/\/nkef.eus\/es_es\/index.php\/wp-json\/wp\/v2\/categories?post=1205"},{"taxonomy":"post_tag","embeddable":true,"href":"https:\/\/nkef.eus\/es_es\/index.php\/wp-json\/wp\/v2\/tags?post=1205"}],"curies":[{"name":"wp","href":"https:\/\/api.w.org\/{rel}","templated":true}]}}