{"id":104,"date":"2020-05-27T16:19:58","date_gmt":"2020-05-27T16:19:58","guid":{"rendered":"https:\/\/nkef.eus\/?p=104"},"modified":"2020-10-26T10:27:47","modified_gmt":"2020-10-26T10:27:47","slug":"el-txuri-urdin-se-queda-sin-posibilidad-de-jugar-la-continental-cup","status":"publish","type":"post","link":"https:\/\/nkef.eus\/es_es\/index.php\/2020\/05\/27\/el-txuri-urdin-se-queda-sin-posibilidad-de-jugar-la-continental-cup\/","title":{"rendered":"EL TXURI-URDIN SE QUEDA SIN POSIBILIDAD DE JUGAR LA CONTINENTAL CUP"},"content":{"rendered":"\t\t<div data-elementor-type=\"wp-post\" data-elementor-id=\"104\" class=\"elementor elementor-104\">\n\t\t\t\t\t\t<div class=\"elementor-inner\">\n\t\t\t\t<div class=\"elementor-section-wrap\">\n\t\t\t\t\t\t\t\t\t<section class=\"elementor-section elementor-top-section elementor-element elementor-element-34a25990 elementor-section-content-middle elementor-section-boxed elementor-section-height-default elementor-section-height-default\" data-id=\"34a25990\" data-element_type=\"section\">\n\t\t\t\t\t\t<div class=\"elementor-container elementor-column-gap-no\">\n\t\t\t\t\t\t\t<div class=\"elementor-row\">\n\t\t\t\t\t<div class=\"elementor-column elementor-col-100 elementor-top-column elementor-element elementor-element-570e54e4\" data-id=\"570e54e4\" data-element_type=\"column\">\n\t\t\t<div class=\"elementor-column-wrap elementor-element-populated\">\n\t\t\t\t\t\t\t<div class=\"elementor-widget-wrap\">\n\t\t\t\t\t\t<div class=\"elementor-element elementor-element-7b93ff0a elementor-widget elementor-widget-heading\" data-id=\"7b93ff0a\" data-element_type=\"widget\" data-widget_type=\"heading.default\">\n\t\t\t\t<div class=\"elementor-widget-container\">\n\t\t\t<h4 class=\"elementor-heading-title elementor-size-default\">EL TXURI-URDIN SE QUEDA SIN POSIBILIDAD DE JUGAR LA CONTINENTAL CUP<\/h4>\t\t<\/div>\n\t\t\t\t<\/div>\n\t\t\t\t<div class=\"elementor-element elementor-element-18cb14c1 elementor-widget elementor-widget-text-editor\" data-id=\"18cb14c1\" data-element_type=\"widget\" data-widget_type=\"text-editor.default\">\n\t\t\t\t<div class=\"elementor-widget-container\">\n\t\t\t\t\t\t\t\t<div class=\"elementor-text-editor elementor-clearfix\">\n\t\t\t\t<p>El club Txuri-Urdin, \u00faltimo equipo en representar a Espa\u00f1a en la pasada edici\u00f3n de la Continental Cup al proclamarse Campe\u00f3n de la Liga Nacional de Hockey Hielo (temporada 2018-19) y pese a tener la posibilidad de volver a proclamarse Campe\u00f3n esta temporada, se queda sin opci\u00f3nes de disputar la pr\u00f3xima Continental Cup debido a la excepcionalidad de la situaci\u00f3n.<br \/><br \/>Tradicionalmente el equipo campe\u00f3n de la Liga Nacional de Hockey Hielo es el que participa en dicho evento,sin embargo ante la imposibilidad de disputarse la final de esta temporada debido al COVID-19 y la necesidad de designar al equipo participante antes de Mayo, los criterios de la Federaci\u00f3n Internacional de Hockey sobre Hielo determina que dicho equipo sea el primer clasificado de la liga regular. Siendo el Barcelona el equipo que represente a Espa\u00f1a en la Continental Cup.<br \/><br \/>..<br \/><br \/>Txuri-Urdin y Puigcerda tendr\u00e1n que ponerse de acuerdo sobre cuando y de qu\u00e9 manera se disputar\u00e1 la Final que otorgue el titulo de campe\u00f3n.<\/p>\t\t\t\t\t<\/div>\n\t\t\t\t\t\t<\/div>\n\t\t\t\t<\/div>\n\t\t\t\t\t\t<\/div>\n\t\t\t\t\t<\/div>\n\t\t<\/div>\n\t\t\t\t\t\t\t\t<\/div>\n\t\t\t\t\t<\/div>\n\t\t<\/section>\n\t\t\t\t\t\t\t\t\t<\/div>\n\t\t\t<\/div>\n\t\t\t\t\t<\/div>\n\t\t","protected":false},"excerpt":{"rendered":"<p>EL TXURI-URDIN SE QUEDA SIN POSIBILIDAD DE JUGAR LA CONTINENTAL CUP El club Txuri-Urdin, \u00faltimo equipo en representar a Espa\u00f1a en la pasada edici\u00f3n de la Continental Cup al proclamarse Campe\u00f3n de la Liga Nacional de Hockey Hielo (temporada 2018-19) y pese a tener la posibilidad de volver a proclamarse Campe\u00f3n esta temporada, se queda [&hellip;]<\/p>\n","protected":false},"author":2,"featured_media":105,"comment_status":"open","ping_status":"open","sticky":false,"template":"elementor_header_footer","format":"standard","meta":[],"categories":[13],"tags":[],"_links":{"self":[{"href":"https:\/\/nkef.eus\/es_es\/index.php\/wp-json\/wp\/v2\/posts\/104"}],"collection":[{"href":"https:\/\/nkef.eus\/es_es\/index.php\/wp-json\/wp\/v2\/posts"}],"about":[{"href":"https:\/\/nkef.eus\/es_es\/index.php\/wp-json\/wp\/v2\/types\/post"}],"author":[{"embeddable":true,"href":"https:\/\/nkef.eus\/es_es\/index.php\/wp-json\/wp\/v2\/users\/2"}],"replies":[{"embeddable":true,"href":"https:\/\/nkef.eus\/es_es\/index.php\/wp-json\/wp\/v2\/comments?post=104"}],"version-history":[{"count":4,"href":"https:\/\/nkef.eus\/es_es\/index.php\/wp-json\/wp\/v2\/posts\/104\/revisions"}],"predecessor-version":[{"id":1782,"href":"https:\/\/nkef.eus\/es_es\/index.php\/wp-json\/wp\/v2\/posts\/104\/revisions\/1782"}],"wp:featuredmedia":[{"embeddable":true,"href":"https:\/\/nkef.eus\/es_es\/index.php\/wp-json\/wp\/v2\/media\/105"}],"wp:attachment":[{"href":"https:\/\/nkef.eus\/es_es\/index.php\/wp-json\/wp\/v2\/media?parent=104"}],"wp:term":[{"taxonomy":"category","embeddable":true,"href":"https:\/\/nkef.eus\/es_es\/index.php\/wp-json\/wp\/v2\/categories?post=104"},{"taxonomy":"post_tag","embeddable":true,"href":"https:\/\/nkef.eus\/es_es\/index.php\/wp-json\/wp\/v2\/tags?post=104"}],"curies":[{"name":"wp","href":"https:\/\/api.w.org\/{rel}","templated":true}]}}